{"id":106350,"date":"2017-02-07T20:25:19","date_gmt":"2017-02-07T22:25:19","guid":{"rendered":"http:\/\/www.redenoticia.com.br\/noticia\/?p=106350"},"modified":"2017-02-07T17:17:54","modified_gmt":"2017-02-07T19:17:54","slug":"resumo-novela-carinha-de-anjo-0802-cecilia-pede-a-fatima-que-nao-trabalhe-com-vitor","status":"publish","type":"post","link":"https:\/\/migracao.redenoticia.com.br\/noticia\/2017\/resumo-novela-carinha-de-anjo-0802-cecilia-pede-a-fatima-que-nao-trabalhe-com-vitor\/106350","title":{"rendered":"Resumo novela \u201cCarinha de Anjo\u201d 08\/02: Valentina protege Dulce Maria"},"content":{"rendered":"<p><img loading=\"lazy\" decoding=\"async\" class=\"alignleft size-thumbnail wp-image-99331\" src=\"https:\/\/migracao.redenoticia.com.br\/noticia\/imagens\/carinha_de_anjo_sbt_novela_resumo_capitulo-150x112.jpg\" alt=\"carinha_de_anjo_sbt_novela_resumo_capitulo\" width=\"150\" height=\"112\" srcset=\"https:\/\/migracao.redenoticia.com.br\/noticia\/imagens\/carinha_de_anjo_sbt_novela_resumo_capitulo-150x112.jpg 150w, https:\/\/migracao.redenoticia.com.br\/noticia\/imagens\/carinha_de_anjo_sbt_novela_resumo_capitulo-265x198.jpg 265w\" sizes=\"auto, (max-width: 150px) 100vw, 150px\" \/><strong><em>Resumo novela \u201cCarinha de Anjo\u201d 08\/02<\/em><\/strong>: no cap\u00edtulo 058(*) da novela \u201cCarinha de Anjo\u201d, resumo de quarta-feira, 08 de fevereiro, Dulce Maria sonha com sua m\u00e3e, Tereza. A mulher diz que \u00e9 formada em psicologia. Silvestre est\u00e1 triste que Solange n\u00e3o gostou da pintura que ele fez dela. Frida e B\u00e1rbara pegam a escova de dente de Dulce Maria para ela ficar com cheiro ruim na boca. Valentina aparece para proteger Dulce Maria e diz que pegou as escovas de dente das duas meninas tamb\u00e9m. Frida devolve a escova de Dulce Maria e Valentina a das duas meninas encrenqueiras. Gustavo v\u00ea as fotos de Nicole no show de Z\u00e9 Felipe e fica encantado com a beleza dela. As crian\u00e7as brincam de dan\u00e7a das cadeiras. Cec\u00edlia pede para F\u00e1tima n\u00e3o aceitar o emprego com Vitor para ficar longe da fam\u00edlia de Gustavo. Cec\u00edlia chora e pede perd\u00e3o por ter agido por impulso.<\/p>\n<p>(*) edi\u00e7\u00e3o do SBT, Novela \u201cCarinha de Anjo\u201d, sujeito a altera\u00e7\u00e3o de data e conte\u00fado.<\/p>\n<p>Carinha de Anjo \u00e9 uma telenovela brasileira produzida e exibida originalmente pelo SBT desde o dia 21 de novembro de 2016, substituindo o hor\u00e1rio anteriormente ocupado por C\u00famplices de um Resgate. A telenovela \u00e9 inspirada na mexicana Carita de \u00e1ngel, que, por sua vez, \u00e9 um remake de Mundo de juguete, ambas produzidas pela Televisa e que haviam sido baseadas na trama argentina escrita por Abel Santa Cruz, Pap\u00e1 coraz\u00f3n. Esta ser\u00e1 a segunda adapta\u00e7\u00e3o brasileira da obra original argentina, visto que a Rede Tupi apresentou em 1976 a sua primeira vers\u00e3o, chamada de Papai Cora\u00e7\u00e3o. A nova vers\u00e3o \u00e9 escrita por Leonor Corr\u00eaa, com supervis\u00e3o de \u00cdris Abravanel e dire\u00e7\u00e3o geral de Ricardo Mantoanelli. A trama conta com Lorena Queiroz, Bia Arantes, Carlo Porto, Priscila Sol, Dani Gondim, Karin Hils, Eliana Guttman e Lucero nos pap\u00e9is principais.<\/p>\n","protected":false},"excerpt":{"rendered":"<p>Resumo novela \u201cCarinha de Anjo\u201d 08\/02: no cap\u00edtulo 058(*) da novela \u201cCarinha de Anjo\u201d, resumo de quarta-feira, 08 de fevereiro, Dulce Maria sonha com sua m\u00e3e, Tereza. A mulher diz que \u00e9 formada em psicologia. Silvestre est\u00e1 triste que Solange n\u00e3o gostou da pintura que ele fez dela. Frida e B\u00e1rbara pegam a escova de [&hellip;]<\/p>\n","protected":false},"author":4,"featured_media":99331,"comment_status":"open","ping_status":"closed","sticky":false,"template":"","format":"standard","meta":{"tdm_status":"","tdm_grid_status":"","footnotes":""},"categories":[452,379,372,343],"tags":[441],"class_list":{"0":"post-106350","1":"post","2":"type-post","3":"status-publish","4":"format-standard","5":"has-post-thumbnail","7":"category-carinha-de-anjo","8":"category-novelas","9":"category-sbt","10":"category-televisao","11":"tag-resumo-do-dia"},"_links":{"self":[{"href":"https:\/\/migracao.redenoticia.com.br\/noticia\/wp-json\/wp\/v2\/posts\/106350","targetHints":{"allow":["GET"]}}],"collection":[{"href":"https:\/\/migracao.redenoticia.com.br\/noticia\/wp-json\/wp\/v2\/posts"}],"about":[{"href":"https:\/\/migracao.redenoticia.com.br\/noticia\/wp-json\/wp\/v2\/types\/post"}],"author":[{"embeddable":true,"href":"https:\/\/migracao.redenoticia.com.br\/noticia\/wp-json\/wp\/v2\/users\/4"}],"replies":[{"embeddable":true,"href":"https:\/\/migracao.redenoticia.com.br\/noticia\/wp-json\/wp\/v2\/comments?post=106350"}],"version-history":[{"count":0,"href":"https:\/\/migracao.redenoticia.com.br\/noticia\/wp-json\/wp\/v2\/posts\/106350\/revisions"}],"wp:featuredmedia":[{"embeddable":true,"href":"https:\/\/migracao.redenoticia.com.br\/noticia\/wp-json\/wp\/v2\/media\/99331"}],"wp:attachment":[{"href":"https:\/\/migracao.redenoticia.com.br\/noticia\/wp-json\/wp\/v2\/media?parent=106350"}],"wp:term":[{"taxonomy":"category","embeddable":true,"href":"https:\/\/migracao.redenoticia.com.br\/noticia\/wp-json\/wp\/v2\/categories?post=106350"},{"taxonomy":"post_tag","embeddable":true,"href":"https:\/\/migracao.redenoticia.com.br\/noticia\/wp-json\/wp\/v2\/tags?post=106350"}],"curies":[{"name":"wp","href":"https:\/\/api.w.org\/{rel}","templated":true}]}}