{"id":106354,"date":"2017-02-07T16:25:44","date_gmt":"2017-02-07T18:25:44","guid":{"rendered":"http:\/\/www.redenoticia.com.br\/noticia\/?p=106354"},"modified":"2017-02-07T17:10:44","modified_gmt":"2017-02-07T19:10:44","slug":"resumo-novela-querida-inimiga-0802-sara-faz-trapacas-e-ganha-o-concurso","status":"publish","type":"post","link":"https:\/\/migracao.redenoticia.com.br\/noticia\/2017\/resumo-novela-querida-inimiga-0802-sara-faz-trapacas-e-ganha-o-concurso\/106354","title":{"rendered":"Resumo novela \u201cQuerida Inimiga\u201d 08\/02: Sara faz trapa\u00e7as e ganha o concurso"},"content":{"rendered":"<p><img loading=\"lazy\" decoding=\"async\" class=\"alignleft size-thumbnail wp-image-99744\" src=\"https:\/\/migracao.redenoticia.com.br\/noticia\/imagens\/querida_inimiga_resumo_novela_SBT-150x112.jpg\" alt=\"querida_inimiga_resumo_novela_sbt\" width=\"150\" height=\"112\" srcset=\"https:\/\/migracao.redenoticia.com.br\/noticia\/imagens\/querida_inimiga_resumo_novela_SBT-150x112.jpg 150w, https:\/\/migracao.redenoticia.com.br\/noticia\/imagens\/querida_inimiga_resumo_novela_SBT-265x198.jpg 265w\" sizes=\"auto, (max-width: 150px) 100vw, 150px\" \/><strong><em>Resumo novela \u201cQuerida Inimiga\u201d 08\/02<\/em><\/strong>: no cap\u00edtulo 061(*) da novela \u201cQuerida Inimiga\u201d, resumo de quarta-feira, 08 de fevereiro, chega o momento de Alonso partir para realizar seu curso especial no Canad\u00e1. Sara fica furiosa ao descobrir. Jaqueline e Catarina t\u00eam fortes enfrentamentos, Arthur amea\u00e7a abandon\u00e1-las se voltarem a brigar. Para ganhar o concurso, Sara paga um maquiador para que coloque em Lorena algo que lhe cause alergia. Ela altera os ingredientes que Lorena usar\u00e1 no teste. O prato de Lorena \u00e9 um desastre e assim Sara ganha o concurso. Lorena descobre as artimanhas de Sara e reclama com ela, dizendo que a ex-amiga sofre de inveja cr\u00f4nica. Hort\u00eancia come\u00e7a a dar pequenos sinais de melhora, por\u00e9m os guarda em segredo. Bruno faz tratos para vender medicamentos da cl\u00ednica pela metade do pre\u00e7o e ficar com o dinheiro. Diana d\u00e1 a luz a um menino. Instigados por Sara, alguns estudantes se queixam de que Ernesto favorece Lorena, dando a boas notas sem que ela as mere\u00e7a. Cristina comunica Ernesto que ter\u00e1 que reconsiderar a meia bolsa que Lorena recebe.<\/p>\n<p>(*) edi\u00e7\u00e3o do SBT, Novela \u201cQuerida Inimiga\u201d, sujeito a altera\u00e7\u00e3o de data e conte\u00fado.<\/p>\n<p>Querida enemiga (no Brasil, Querida Inimiga ) \u00e9 uma telenovela mexicana produzida por Lucero Su\u00e1rez para a Televisa e exibida pelo Canal de las Estrellas entre 12 de maio e 10 de outubro de 2008, substituindo Palabra de mujer e sendo substitu\u00edda por En nombre del amor, em 110 cap\u00edtulos. A trama teve Ana Layevska, Gabriel Soto, Jorge Aravena, Mar\u00eda Rubio, Carmen Becerra, Marco M\u00e9ndez, Miguel \u00c1ngel Biaggio, Socorro Bonilla, Alfonso Iturralde, Luz Mar\u00eda Jerez e Luis Xavier nos papeis principais.<\/p>\n","protected":false},"excerpt":{"rendered":"<p>Resumo novela \u201cQuerida Inimiga\u201d 08\/02: no cap\u00edtulo 061(*) da novela \u201cQuerida Inimiga\u201d, resumo de quarta-feira, 08 de fevereiro, chega o momento de Alonso partir para realizar seu curso especial no Canad\u00e1. Sara fica furiosa ao descobrir. Jaqueline e Catarina t\u00eam fortes enfrentamentos, Arthur amea\u00e7a abandon\u00e1-las se voltarem a brigar. Para ganhar o concurso, Sara paga [&hellip;]<\/p>\n","protected":false},"author":4,"featured_media":99744,"comment_status":"open","ping_status":"closed","sticky":false,"template":"","format":"standard","meta":{"tdm_status":"","tdm_grid_status":"","footnotes":""},"categories":[379,372,343],"tags":[441],"class_list":{"0":"post-106354","1":"post","2":"type-post","3":"status-publish","4":"format-standard","5":"has-post-thumbnail","7":"category-novelas","8":"category-sbt","9":"category-televisao","10":"tag-resumo-do-dia"},"_links":{"self":[{"href":"https:\/\/migracao.redenoticia.com.br\/noticia\/wp-json\/wp\/v2\/posts\/106354","targetHints":{"allow":["GET"]}}],"collection":[{"href":"https:\/\/migracao.redenoticia.com.br\/noticia\/wp-json\/wp\/v2\/posts"}],"about":[{"href":"https:\/\/migracao.redenoticia.com.br\/noticia\/wp-json\/wp\/v2\/types\/post"}],"author":[{"embeddable":true,"href":"https:\/\/migracao.redenoticia.com.br\/noticia\/wp-json\/wp\/v2\/users\/4"}],"replies":[{"embeddable":true,"href":"https:\/\/migracao.redenoticia.com.br\/noticia\/wp-json\/wp\/v2\/comments?post=106354"}],"version-history":[{"count":0,"href":"https:\/\/migracao.redenoticia.com.br\/noticia\/wp-json\/wp\/v2\/posts\/106354\/revisions"}],"wp:featuredmedia":[{"embeddable":true,"href":"https:\/\/migracao.redenoticia.com.br\/noticia\/wp-json\/wp\/v2\/media\/99744"}],"wp:attachment":[{"href":"https:\/\/migracao.redenoticia.com.br\/noticia\/wp-json\/wp\/v2\/media?parent=106354"}],"wp:term":[{"taxonomy":"category","embeddable":true,"href":"https:\/\/migracao.redenoticia.com.br\/noticia\/wp-json\/wp\/v2\/categories?post=106354"},{"taxonomy":"post_tag","embeddable":true,"href":"https:\/\/migracao.redenoticia.com.br\/noticia\/wp-json\/wp\/v2\/tags?post=106354"}],"curies":[{"name":"wp","href":"https:\/\/api.w.org\/{rel}","templated":true}]}}