{"id":106421,"date":"2017-02-08T20:11:38","date_gmt":"2017-02-08T22:11:38","guid":{"rendered":"http:\/\/www.redenoticia.com.br\/noticia\/?p=106421"},"modified":"2017-02-07T22:25:30","modified_gmt":"2017-02-08T00:25:30","slug":"novela-a-terra-prometida-resumo-0902","status":"publish","type":"post","link":"https:\/\/migracao.redenoticia.com.br\/noticia\/2017\/novela-a-terra-prometida-resumo-0902\/106421","title":{"rendered":"Novela \u201cA Terra Prometida\u201d resumo 09\/02: Salmon e Otniel atacam mercadores"},"content":{"rendered":"<p> <img loading=\"lazy\" decoding=\"async\" class=\"alignleft size-thumbnail wp-image-89446\" src=\"https:\/\/migracao.redenoticia.com.br\/noticia\/imagens\/a-terra-prometida-novela-record-resumo-150x112.jpg\" alt=\"a-terra-prometida-novela-record-resumo\" width=\"150\" height=\"112\" srcset=\"https:\/\/migracao.redenoticia.com.br\/noticia\/imagens\/a-terra-prometida-novela-record-resumo-150x112.jpg 150w, https:\/\/migracao.redenoticia.com.br\/noticia\/imagens\/a-terra-prometida-novela-record-resumo-265x198.jpg 265w\" sizes=\"auto, (max-width: 150px) 100vw, 150px\" \/><strong><em>Novela \u201cA Terra Prometida\u201d resumo 09\/02<\/em><\/strong>: no capitulo 157 (*), novela \u201cA Terra Prometida\u201d, quinta-feira, 09 de fevereiro, Racal diz que pode distrair Raabe. Adonizedeque pede para Abul dizer \u00e0 \u00darsula que a rainha e a rainha m\u00e3e fugiram de Jerusal\u00e9m. Bogotai avisa que acabar\u00e1 com Fin\u00e9ias. Inocente, o sacerdote elogia os estrangeiros. \u00darsula fica aliviada ao saber que sua m\u00e3e e av\u00f3 conseguiram escapar. <\/p>\n<p>Haniel tenta arrumar um jeito de se declarar para Tirda. Tobias procura Zaqueu. \u00darsula avisa que n\u00e3o permitir\u00e1 que o pai se case com Ula. Haniel ensaia uma maneira de dizer que ama a esposa. Zaqueu diz n\u00e3o acreditar em Tobias. Adonizedeque diz que Ula dever\u00e1 dormir no pal\u00e1cio. Furiosa, \u00darsula quebra todo o quarto do pai. Samara conversa com Tobias e diz que precisa armar para L\u00e9ia flagrar Quemuel com Yana. <\/p>\n<p>Mireu diz que Ula precisa ir ao pal\u00e1cio. Salmon e Otniel avistam uma caravana de mercadores de escravos indo na dire\u00e7\u00e3o de Jerusal\u00e9m. Eles atacam os mercadores e se vestem de comerciantes de escravos.<\/p>\n<p>(*) edi\u00e7\u00e3o da Rede Record, Novela \u201cA Terra Prometida\u201d, sujeito a altera\u00e7\u00e3o de data e conte\u00fado.<\/p>\n","protected":false},"excerpt":{"rendered":"<p>Novela \u201cA Terra Prometida\u201d resumo 09\/02: no capitulo 157 (*), novela \u201cA Terra Prometida\u201d, quinta-feira, 09 de fevereiro, Racal diz que pode distrair Raabe. Adonizedeque pede para Abul dizer \u00e0 \u00darsula que a rainha e a rainha m\u00e3e fugiram de Jerusal\u00e9m. Bogotai avisa que acabar\u00e1 com Fin\u00e9ias. Inocente, o sacerdote elogia os estrangeiros. \u00darsula fica [&hellip;]<\/p>\n","protected":false},"author":2,"featured_media":89446,"comment_status":"open","ping_status":"closed","sticky":false,"template":"","format":"standard","meta":{"tdm_status":"","tdm_grid_status":"","footnotes":""},"categories":[446,379,371,343],"tags":[441],"class_list":{"0":"post-106421","1":"post","2":"type-post","3":"status-publish","4":"format-standard","5":"has-post-thumbnail","7":"category-a-terra-prometida","8":"category-novelas","9":"category-rede-record","10":"category-televisao","11":"tag-resumo-do-dia"},"_links":{"self":[{"href":"https:\/\/migracao.redenoticia.com.br\/noticia\/wp-json\/wp\/v2\/posts\/106421","targetHints":{"allow":["GET"]}}],"collection":[{"href":"https:\/\/migracao.redenoticia.com.br\/noticia\/wp-json\/wp\/v2\/posts"}],"about":[{"href":"https:\/\/migracao.redenoticia.com.br\/noticia\/wp-json\/wp\/v2\/types\/post"}],"author":[{"embeddable":true,"href":"https:\/\/migracao.redenoticia.com.br\/noticia\/wp-json\/wp\/v2\/users\/2"}],"replies":[{"embeddable":true,"href":"https:\/\/migracao.redenoticia.com.br\/noticia\/wp-json\/wp\/v2\/comments?post=106421"}],"version-history":[{"count":0,"href":"https:\/\/migracao.redenoticia.com.br\/noticia\/wp-json\/wp\/v2\/posts\/106421\/revisions"}],"wp:featuredmedia":[{"embeddable":true,"href":"https:\/\/migracao.redenoticia.com.br\/noticia\/wp-json\/wp\/v2\/media\/89446"}],"wp:attachment":[{"href":"https:\/\/migracao.redenoticia.com.br\/noticia\/wp-json\/wp\/v2\/media?parent=106421"}],"wp:term":[{"taxonomy":"category","embeddable":true,"href":"https:\/\/migracao.redenoticia.com.br\/noticia\/wp-json\/wp\/v2\/categories?post=106421"},{"taxonomy":"post_tag","embeddable":true,"href":"https:\/\/migracao.redenoticia.com.br\/noticia\/wp-json\/wp\/v2\/tags?post=106421"}],"curies":[{"name":"wp","href":"https:\/\/api.w.org\/{rel}","templated":true}]}}