{"id":106448,"date":"2017-02-08T18:19:14","date_gmt":"2017-02-08T20:19:14","guid":{"rendered":"http:\/\/www.redenoticia.com.br\/noticia\/?p=106448"},"modified":"2017-02-08T17:22:12","modified_gmt":"2017-02-08T19:22:12","slug":"resumo-novela-o-que-a-vida-me-roubou-0902-dimitrio-ameaca-esmeralda","status":"publish","type":"post","link":"https:\/\/migracao.redenoticia.com.br\/noticia\/2017\/resumo-novela-o-que-a-vida-me-roubou-0902-dimitrio-ameaca-esmeralda\/106448","title":{"rendered":"Resumo novela \u201cO Que A Vida Me Roubou\u201d 09\/02: Dimitrio amea\u00e7a Esmeralda"},"content":{"rendered":"<p> <img loading=\"lazy\" decoding=\"async\" src=\"https:\/\/migracao.redenoticia.com.br\/noticia\/imagens\/o-que-a-vida-me-roubou-novela-resumo-sbt-150x112.jpg\" alt=\"\" width=\"150\" height=\"112\" class=\"alignleft size-thumbnail wp-image-105656\" srcset=\"https:\/\/migracao.redenoticia.com.br\/noticia\/imagens\/o-que-a-vida-me-roubou-novela-resumo-sbt-150x112.jpg 150w, https:\/\/migracao.redenoticia.com.br\/noticia\/imagens\/o-que-a-vida-me-roubou-novela-resumo-sbt-265x198.jpg 265w\" sizes=\"auto, (max-width: 150px) 100vw, 150px\" \/><strong><em>Resumo novela \u201cO Que A Vida Me Roubou\u201d 09\/02<\/em><\/strong>: no cap\u00edtulo 009(*) da novela \u201cO Que A Vida Me Roubou\u201d, resumo de quinta-feira, 09 de fevereiro, Monserrat sai com Alessandro e pergunta quem era a pessoa com que ele estava na cafeteria. Desconcertado, ele responde que se tratava de uma amiga. Ele pergunta se Montserrat est\u00e1 com ci\u00fames. Ela responde que n\u00e3o. O capit\u00e3o Robledo comenta com Pedro prendeu Jos\u00e9 Luis Alvarez, culpado pelo assassinato de Gamboa. Ele diz que o mandar\u00e3o para um pres\u00eddio na capital. Adolfo, muito feliz, abra\u00e7a Dimitrio e se surpreende por t\u00e3o bela que Montserrat est\u00e1. <\/p>\n<p>Nadia o tranquilliza e pede que se comporte, pois Pedro pode se zangar. Montserrat pede que Dimitrio diga a Alessandro que ela pensou que ele estava saindo com Esmeralda, por isso o perguntou sobre ela. Adolfo e Dimitrio amea\u00e7am Esmeralda para que n\u00e3o diga nada a Alessandro. Caso contr\u00e1rio a meter\u00e3o na pris\u00e3o. Renato escuta quando Dimitrio conta a Adolfo que sua m\u00e3e falou com Robledo para colocar Jos\u00e9 Luis na pris\u00e3o. Na escola Naval, Renato tenta ajudar Jos\u00e9 Luis a escapar, mas falham no plano. <\/p>\n<p>O capit\u00e3o Avellaneda p\u00f5e Renato a cargo da custodia de Jos\u00e9 Luis. Jos\u00e9 Luis pede para falar com Montserrat, para que escapem juntos e para longe de \u00c1gua Azul. Alessandro chega \u00e0 resid\u00eancia de Montserrat e Graciela exige que sua filha se arrume deslumbrantemente para Alessandro. Durante o jantar, Alessandro se entusiasma com a forma de ser de Montserrat, pois ela o pede para construir uma escola para os trabalhadores. Lauro se despede de Alessandro e se retira junto a Graciela para descansar. No jardim, Alessandro beija Montserrat e ela o corresponde. Renato os observa, escondido, e se surpreende.<\/p>\n<p>(*) edi\u00e7\u00e3o do SBT, Novela \u201cO Que A Vida Me Roubou\u201d, sujeito a altera\u00e7\u00e3o de data e conte\u00fado.<\/p>\n<p>Lo que la vida me rob\u00f3 (no Brasil, O Que a Vida Me Roubou) \u00e9 uma telenovela mexicana produzida por Angelli Nesma Medina para Televisa e exibida pelo Canal de las Estrellas entre 28 de outubro de 2013 e 27 de julho de 2014 em 196 cap\u00edtulos, substituindo La tempestad e sendo substitu\u00edda por Hasta el fin del mundo. A original \u00e9 de Caridad Bravo Adams, sendo esta um remake modernizado das novelas Bodas de odio e Amor real, produzidas em 1983 e 2003, respectivamente. Tem Angelique Boyer, Sebasti\u00e1n Rulli, Luis Roberto Guzm\u00e1n, Daniela Castro, Grettell Vald\u00e9z, Sergio Sendel e Lisset nos papeis principais.<\/p>\n","protected":false},"excerpt":{"rendered":"<p>Resumo novela \u201cO Que A Vida Me Roubou\u201d 09\/02: no cap\u00edtulo 009(*) da novela \u201cO Que A Vida Me Roubou\u201d, resumo de quinta-feira, 09 de fevereiro, Monserrat sai com Alessandro e pergunta quem era a pessoa com que ele estava na cafeteria. Desconcertado, ele responde que se tratava de uma amiga. Ele pergunta se Montserrat [&hellip;]<\/p>\n","protected":false},"author":2,"featured_media":105656,"comment_status":"open","ping_status":"closed","sticky":false,"template":"","format":"standard","meta":{"tdm_status":"","tdm_grid_status":"","footnotes":""},"categories":[379,372,343],"tags":[441],"class_list":{"0":"post-106448","1":"post","2":"type-post","3":"status-publish","4":"format-standard","5":"has-post-thumbnail","7":"category-novelas","8":"category-sbt","9":"category-televisao","10":"tag-resumo-do-dia"},"_links":{"self":[{"href":"https:\/\/migracao.redenoticia.com.br\/noticia\/wp-json\/wp\/v2\/posts\/106448","targetHints":{"allow":["GET"]}}],"collection":[{"href":"https:\/\/migracao.redenoticia.com.br\/noticia\/wp-json\/wp\/v2\/posts"}],"about":[{"href":"https:\/\/migracao.redenoticia.com.br\/noticia\/wp-json\/wp\/v2\/types\/post"}],"author":[{"embeddable":true,"href":"https:\/\/migracao.redenoticia.com.br\/noticia\/wp-json\/wp\/v2\/users\/2"}],"replies":[{"embeddable":true,"href":"https:\/\/migracao.redenoticia.com.br\/noticia\/wp-json\/wp\/v2\/comments?post=106448"}],"version-history":[{"count":0,"href":"https:\/\/migracao.redenoticia.com.br\/noticia\/wp-json\/wp\/v2\/posts\/106448\/revisions"}],"wp:featuredmedia":[{"embeddable":true,"href":"https:\/\/migracao.redenoticia.com.br\/noticia\/wp-json\/wp\/v2\/media\/105656"}],"wp:attachment":[{"href":"https:\/\/migracao.redenoticia.com.br\/noticia\/wp-json\/wp\/v2\/media?parent=106448"}],"wp:term":[{"taxonomy":"category","embeddable":true,"href":"https:\/\/migracao.redenoticia.com.br\/noticia\/wp-json\/wp\/v2\/categories?post=106448"},{"taxonomy":"post_tag","embeddable":true,"href":"https:\/\/migracao.redenoticia.com.br\/noticia\/wp-json\/wp\/v2\/tags?post=106448"}],"curies":[{"name":"wp","href":"https:\/\/api.w.org\/{rel}","templated":true}]}}