{"id":106458,"date":"2017-02-08T18:58:39","date_gmt":"2017-02-08T20:58:39","guid":{"rendered":"http:\/\/www.redenoticia.com.br\/noticia\/?p=106458"},"modified":"2017-02-08T17:30:53","modified_gmt":"2017-02-08T19:30:53","slug":"resumo-novela-sol-nascente-0902-sinha-ameaca-mocinha","status":"publish","type":"post","link":"https:\/\/migracao.redenoticia.com.br\/noticia\/2017\/resumo-novela-sol-nascente-0902-sinha-ameaca-mocinha\/106458","title":{"rendered":"Resumo novela \u201cSol Nascente\u201d 09\/02: Sinh\u00e1 amea\u00e7a Mocinha"},"content":{"rendered":"<p> <img loading=\"lazy\" decoding=\"async\" class=\"alignleft size-thumbnail wp-image-91714\" src=\"https:\/\/migracao.redenoticia.com.br\/noticia\/imagens\/sol_nascente_resumo_novela_globo-150x112.jpg\" alt=\"sol_nascente_resumo_novela_globo\" width=\"150\" height=\"112\" srcset=\"https:\/\/migracao.redenoticia.com.br\/noticia\/imagens\/sol_nascente_resumo_novela_globo-150x112.jpg 150w, https:\/\/migracao.redenoticia.com.br\/noticia\/imagens\/sol_nascente_resumo_novela_globo-265x198.jpg 265w\" sizes=\"auto, (max-width: 150px) 100vw, 150px\" \/><strong><em>Resumo novela \u201cSol Nascente\u201d 09\/02<\/em><\/strong>: no cap\u00edtulo 141(*) da novela \u201cSol Nascente\u201d, resumo de quinta-feira, 09 de fevereiro, Cesar provoca Alice e acusa Mario de querer prejudic\u00e1-lo. Gaetano afirma a Cesar que os segredos e os de sua av\u00f3 ser\u00e3o revelados. Tanaka apoia Alice. Sinh\u00e1 amea\u00e7a Mocinha e exige que a irm\u00e3 siga seus planos contra Tanaka. Mario, Felipe, Ralf e Damasceno pensam em como livrar Alice das acusa\u00e7\u00f5es. Mesquita confessa a Tanaka e Gaetano que duvida da culpa de Alice. Mieko promete ajudar Hir\u00f4 a afastar Satiko. Geppina confronta Loretta e pede que a ex-nora ajude Lenita a encontrar sua filha. Milena descobre que passou no vestibular e todos comemoram. Carolina consegue registrar Cesar confessando todos os seus crimes com a c\u00e2mera escondida. Louzada acusa Alice de possuir um cassino clandestino.<\/p>\n<p>(*) edi\u00e7\u00e3o da Rede Globo, Novela \u201cSol Nascente\u201d, sujeito a altera\u00e7\u00e3o de data e conte\u00fado.<\/p>\n<p>Sol Nascente \u00e9 uma telenovela brasileira produzida pela Rede Globo e exibida desde 29 de agosto de 2016, no hor\u00e1rio das 18 horas, substituindo \u00cata Mundo Bom!. Escrita por Walther Negr\u00e3o, Suzana Pires e J\u00falio Fischer, com a colabora\u00e7\u00e3o de Jackie Vellego e Fausto Galv\u00e3o, com dire\u00e7\u00e3o geral de Marcelo Travesso e Leonardo Nogueira, tamb\u00e9m diretor art\u00edstico. Conta com as participa\u00e7\u00f5es de Giovanna Antonelli, Bruno Gagliasso, Rafael Cardoso, Lu\u00eds Melo, Francisco Cuoco, Aracy Balabanian, Laura Cardoso e Marcello Novaes. <\/p>\n","protected":false},"excerpt":{"rendered":"<p>Resumo novela \u201cSol Nascente\u201d 09\/02: no cap\u00edtulo 141(*) da novela \u201cSol Nascente\u201d, resumo de quinta-feira, 09 de fevereiro, Cesar provoca Alice e acusa Mario de querer prejudic\u00e1-lo. Gaetano afirma a Cesar que os segredos e os de sua av\u00f3 ser\u00e3o revelados. Tanaka apoia Alice. Sinh\u00e1 amea\u00e7a Mocinha e exige que a irm\u00e3 siga seus planos [&hellip;]<\/p>\n","protected":false},"author":2,"featured_media":91714,"comment_status":"open","ping_status":"closed","sticky":false,"template":"","format":"standard","meta":{"tdm_status":"","tdm_grid_status":"","footnotes":""},"categories":[379,375,343],"tags":[441],"class_list":{"0":"post-106458","1":"post","2":"type-post","3":"status-publish","4":"format-standard","5":"has-post-thumbnail","7":"category-novelas","8":"category-rede-globo","9":"category-televisao","10":"tag-resumo-do-dia"},"_links":{"self":[{"href":"https:\/\/migracao.redenoticia.com.br\/noticia\/wp-json\/wp\/v2\/posts\/106458","targetHints":{"allow":["GET"]}}],"collection":[{"href":"https:\/\/migracao.redenoticia.com.br\/noticia\/wp-json\/wp\/v2\/posts"}],"about":[{"href":"https:\/\/migracao.redenoticia.com.br\/noticia\/wp-json\/wp\/v2\/types\/post"}],"author":[{"embeddable":true,"href":"https:\/\/migracao.redenoticia.com.br\/noticia\/wp-json\/wp\/v2\/users\/2"}],"replies":[{"embeddable":true,"href":"https:\/\/migracao.redenoticia.com.br\/noticia\/wp-json\/wp\/v2\/comments?post=106458"}],"version-history":[{"count":0,"href":"https:\/\/migracao.redenoticia.com.br\/noticia\/wp-json\/wp\/v2\/posts\/106458\/revisions"}],"wp:featuredmedia":[{"embeddable":true,"href":"https:\/\/migracao.redenoticia.com.br\/noticia\/wp-json\/wp\/v2\/media\/91714"}],"wp:attachment":[{"href":"https:\/\/migracao.redenoticia.com.br\/noticia\/wp-json\/wp\/v2\/media?parent=106458"}],"wp:term":[{"taxonomy":"category","embeddable":true,"href":"https:\/\/migracao.redenoticia.com.br\/noticia\/wp-json\/wp\/v2\/categories?post=106458"},{"taxonomy":"post_tag","embeddable":true,"href":"https:\/\/migracao.redenoticia.com.br\/noticia\/wp-json\/wp\/v2\/tags?post=106458"}],"curies":[{"name":"wp","href":"https:\/\/api.w.org\/{rel}","templated":true}]}}