{"id":106485,"date":"2017-02-09T01:08:31","date_gmt":"2017-02-09T03:08:31","guid":{"rendered":"http:\/\/www.redenoticia.com.br\/noticia\/?p=106485"},"modified":"2017-02-08T23:09:39","modified_gmt":"2017-02-09T01:09:39","slug":"pos-doutorado-em-musica-com-bolsa-da-fapesp","status":"publish","type":"post","link":"https:\/\/migracao.redenoticia.com.br\/noticia\/2017\/pos-doutorado-em-musica-com-bolsa-da-fapesp\/106485","title":{"rendered":"P\u00f3s-Doutorado em M\u00fasica com Bolsa da FAPESP"},"content":{"rendered":"<p> Ag\u00eancia FAPESP \u2013 O Instituto de Artes da Universidade Estadual de Campinas (Unicamp) oferece quatro oportunidades de <strong><em>P\u00f3s-Doutorado na \u00e1rea de Etnomusicologia\/Antropologia Musical<\/em><\/strong> com Bolsa da FAPESP. O prazo de inscri\u00e7\u00e3o encerra em 20 de fevereiro.<\/p>\n<p>As bolsas est\u00e3o vinculadas ao Projeto Tem\u00e1tico &#8220;&#8221;.<\/p>\n<p>Duas das bolsas ser\u00e3o orientadas por Suzel Ana Reily, pesquisadora respons\u00e1vel pelo Tem\u00e1tico, e estar\u00e3o sediadas no Instituto de Artes da Unicamp. As outras duas bolsas ser\u00e3o orientadas por Rose Satiko Hikiji, uma dentre os pesquisadores principais do projeto, e estar\u00e3o sediadas no Departamento de Antropologia da Universidade de S\u00e3o Paulo (USP).<\/p>\n<p>O Projeto Tem\u00e1tico visa investigar como o musicar constr\u00f3i a localidade e como \u00e9 constru\u00eddo por ela. Busca documentar como o engajamento musical se articula com as intera\u00e7\u00f5es sociais que ocorrem durante o musicar, sejam os participantes amadores ou profissionais. O projeto, portanto, volta-se para a investiga\u00e7\u00e3o da rela\u00e7\u00e3o entre m\u00fasica e localidade a partir das pr\u00e1ticas das pessoas envolvidas no musicar.<\/p>\n<p>O projeto est\u00e1 estruturado nos seguintes eixos:O musicar e a produ\u00e7\u00e3o da localidade; Localidades, encontros e conex\u00f5es no musicar local; Aprendizagem, transmiss\u00e3o e prepara\u00e7\u00e3o; e Tecnologias do musicar local.<\/p>\n<p>Os temas espec\u00edficos abordados por cada bolsista ser\u00e3o definidos pelos candidatos, de acordo com as suas bagagens acad\u00eamicas anteriores e interesses pessoais.<\/p>\n<p>As investiga\u00e7\u00f5es conduzidas pelos bolsistas ser\u00e3o norteadas pelas quest\u00f5es-chave:<\/p>\n<p>&#8211; Qual \u00e9 a natureza do musicar no contexto local? O que isto nos diz sobre a produ\u00e7\u00e3o da localidade e o modo como localidades produzidas s\u00e3o vividas pelas pessoas envolvidas no musicar local?<br \/>\n&#8211; O que contribui para o estabelecimento de engajamento musical e de sentimentos de compromisso com a produ\u00e7\u00e3o da m\u00fasica em n\u00edvel local?<br \/>\n&#8211; Como os grupos musicais locais operam enquanto \u201cmundos art\u00edsticos\u201d e\/ou \u201ccomunidades de pr\u00e1tica\u201d? Como suas estruturas organizacionais afetam as formas do musicar na localidade, tanto no dom\u00ednio amador quanto profissional?<br \/>\n&#8211; De que maneira pessoas, coisas, tecnologias, institui\u00e7\u00f5es interagem nas pr\u00e1ticas do musicar? Qual a rela\u00e7\u00e3o destes \u201cagentes\u201d com a localidade, seja ela f\u00edsica ou imagin\u00e1ria?<\/p>\n<p>Os candidatos dever\u00e3o enviar certificado de conclus\u00e3o do doutorado, Curr\u00edculo Lattes atualizado () \u2013 estrangeiros podem enviar um CV atualizado, destacando sua forma\u00e7\u00e3o acad\u00eamica, publica\u00e7\u00f5es cient\u00edficas, experi\u00eancias de ensino e supervis\u00e3o para alunos de gradua\u00e7\u00e3o e p\u00f3s-gradua\u00e7\u00e3o; S\u00famula Curricular FAPESP; projeto de pesquisa seguindo o \u201c\u201d sugerido no site da FAPESP; e nomes e endere\u00e7os de contato de pelo menos dois pesquisadores que podem ser contatados para o envio de cartas de refer\u00eancia para Suzel Ana Reily no endere\u00e7o s.reily@iar.unicamp.br.<\/p>\n<p>A oportunidade est\u00e1 publicada em .<\/p>\n<p>Os selecionados receber\u00e3o bolsa de P\u00f3s-Doutorado da FAPESP no valor de R$ 6.819,30 mensais e Reserva T\u00e9cnica. A Reserva T\u00e9cnica da bolsa de PD equivale a 15% do valor anual da bolsa e tem o objetivo de atender a despesas imprevistas e diretamente relacionadas \u00e0 atividade de pesquisa.<\/p>\n<p>Caso os bolsistas residam em domic\u00edlio diferente e precisem se mudar para a cidade onde se localiza a institui\u00e7\u00e3o-sede da pesquisa, poder\u00e3o ter direito a um Aux\u00edlio-Instala\u00e7\u00e3o.<\/p>\n<p>Mais informa\u00e7\u00f5es sobre a bolsa de P\u00f3s-Doutorado da FAPESP est\u00e3o dispon\u00edveis em .<\/p>\n<p>Outras vagas de bolsas de P\u00f3s-Doutorado, em diversas \u00e1reas do conhecimento, est\u00e3o no site .<\/p>\n","protected":false},"excerpt":{"rendered":"<p>Ag\u00eancia FAPESP \u2013 O Instituto de Artes da Universidade Estadual de Campinas (Unicamp) oferece quatro oportunidades de P\u00f3s-Doutorado na \u00e1rea de Etnomusicologia\/Antropologia Musical com Bolsa da FAPESP. O prazo de inscri\u00e7\u00e3o encerra em 20 de fevereiro. As bolsas est\u00e3o vinculadas ao Projeto Tem\u00e1tico &#8220;&#8221;. Duas das bolsas ser\u00e3o orientadas por Suzel Ana Reily, pesquisadora respons\u00e1vel [&hellip;]<\/p>\n","protected":false},"author":2,"featured_media":28951,"comment_status":"open","ping_status":"closed","sticky":false,"template":"","format":"standard","meta":{"tdm_status":"","tdm_grid_status":"","footnotes":""},"categories":[22,351,370],"tags":[],"class_list":{"0":"post-106485","1":"post","2":"type-post","3":"status-publish","4":"format-standard","5":"has-post-thumbnail","7":"category-brasil","8":"category-cursos","9":"category-inscricao"},"_links":{"self":[{"href":"https:\/\/migracao.redenoticia.com.br\/noticia\/wp-json\/wp\/v2\/posts\/106485","targetHints":{"allow":["GET"]}}],"collection":[{"href":"https:\/\/migracao.redenoticia.com.br\/noticia\/wp-json\/wp\/v2\/posts"}],"about":[{"href":"https:\/\/migracao.redenoticia.com.br\/noticia\/wp-json\/wp\/v2\/types\/post"}],"author":[{"embeddable":true,"href":"https:\/\/migracao.redenoticia.com.br\/noticia\/wp-json\/wp\/v2\/users\/2"}],"replies":[{"embeddable":true,"href":"https:\/\/migracao.redenoticia.com.br\/noticia\/wp-json\/wp\/v2\/comments?post=106485"}],"version-history":[{"count":0,"href":"https:\/\/migracao.redenoticia.com.br\/noticia\/wp-json\/wp\/v2\/posts\/106485\/revisions"}],"wp:featuredmedia":[{"embeddable":true,"href":"https:\/\/migracao.redenoticia.com.br\/noticia\/wp-json\/wp\/v2\/media\/28951"}],"wp:attachment":[{"href":"https:\/\/migracao.redenoticia.com.br\/noticia\/wp-json\/wp\/v2\/media?parent=106485"}],"wp:term":[{"taxonomy":"category","embeddable":true,"href":"https:\/\/migracao.redenoticia.com.br\/noticia\/wp-json\/wp\/v2\/categories?post=106485"},{"taxonomy":"post_tag","embeddable":true,"href":"https:\/\/migracao.redenoticia.com.br\/noticia\/wp-json\/wp\/v2\/tags?post=106485"}],"curies":[{"name":"wp","href":"https:\/\/api.w.org\/{rel}","templated":true}]}}