{"id":106569,"date":"2017-02-10T01:01:07","date_gmt":"2017-02-10T03:01:07","guid":{"rendered":"http:\/\/www.redenoticia.com.br\/noticia\/?p=106569"},"modified":"2017-02-09T21:20:59","modified_gmt":"2017-02-09T23:20:59","slug":"pos-doutorado-em-nanotecnologia-com-bolsa-da-fapesp","status":"publish","type":"post","link":"https:\/\/migracao.redenoticia.com.br\/noticia\/2017\/pos-doutorado-em-nanotecnologia-com-bolsa-da-fapesp\/106569","title":{"rendered":"P\u00f3s-Doutorado em Nanotecnologia com Bolsa da FAPESP"},"content":{"rendered":"<p> Ag\u00eancia FAPESP \u2013 O Centro de Inova\u00e7\u00e3o em Sistemas Nanoestruturados e de Administra\u00e7\u00e3o T\u00f3pica (NanoTop), da Faculdade de Ci\u00eancias Farmac\u00eauticas de Ribeir\u00e3o Preto (FCFRP) da Universidade de S\u00e3o Paulo (USP), oferece uma oportunidade de <strong><em>P\u00f3s-Doutorado em Nanotecnologia<\/em><\/strong> com bolsa FAPESP. O prazo de inscri\u00e7\u00e3o encerra em 20 de fevereiro.<\/p>\n<p>O bolsista far\u00e1 parte da equipe de pesquisa que comp\u00f5e o Projeto Tem\u00e1tico &#8220;&#8221;.<\/p>\n<p>O projeto de P\u00f3s-Doutorado prioriza o desenvolvimento de formula\u00e7\u00f5es l\u00edquido-cristalinas dendrim\u00e9ricas para aplica\u00e7\u00e3o t\u00f3pica e a avalia\u00e7\u00e3o de sua influ\u00eancia na efici\u00eancia da iontoforese e do ultrassom de baixa frequ\u00eancia como promotores de absor\u00e7\u00e3o cut\u00e2nea.<\/p>\n<p>Os candidatos devem possuir conhecimentos t\u00e9cnico-cient\u00edficos na \u00e1rea de aplica\u00e7\u00e3o e desenvolvimento do projeto. Ser\u00e1 dada prefer\u00eancia a candidatos com experi\u00eancia comprovada em: desenvolvimento de m\u00e9todos anal\u00edticos para quantifica\u00e7\u00e3o de f\u00e1rmacos em matrizes biol\u00f3gicas, s\u00edntese e purifica\u00e7\u00e3o de pol\u00edmeros biodegrad\u00e1veis, desenvolvimento de sistemas de libera\u00e7\u00e3o nanoparticulados e sua caracteriza\u00e7\u00e3o por diferentes m\u00e9todos, ensaios de permea\u00e7\u00e3o cut\u00e2nea in vitro, cultura de c\u00e9lulas e avalia\u00e7\u00e3o de uptake celular, citometria de fluxo, microscopia confocal a laser e experimenta\u00e7\u00e3o animal.<\/p>\n<p>Os interessados devem ter obtido o t\u00edtulo de doutor recentemente, no m\u00e1ximo nos \u00faltimos dois anos, de prefer\u00eancia na \u00e1rea das Ci\u00eancias Farmac\u00eauticas.<\/p>\n<p>Os candidatos devem enviar curriculum vitae (ou link do curr\u00edculo Lattes), duas cartas de recomenda\u00e7\u00e3o e uma carta de inten\u00e7\u00f5es para Renata Fonseca Vianna Lopez, pesquisadora respons\u00e1vel pelo Projeto Tem\u00e1tico no e-mail rvianna@fcfrp.usp.br.<\/p>\n<p>A oportunidade est\u00e1 publicada em .<\/p>\n<p>Os selecionados receber\u00e3o bolsa de P\u00f3s-Doutorado da FAPESP no valor de R$ 6.819,30 mensais e Reserva T\u00e9cnica. A Reserva T\u00e9cnica da bolsa de PD equivale a 15% do valor anual da bolsa e tem o objetivo de atender a despesas imprevistas e diretamente relacionadas \u00e0 atividade de pesquisa.<\/p>\n<p>Caso os bolsistas residam em domic\u00edlio diferente e precisem se mudar para a cidade onde se localiza a institui\u00e7\u00e3o-sede da pesquisa, poder\u00e3o ter direito a um Aux\u00edlio-Instala\u00e7\u00e3o.<\/p>\n<p>Mais informa\u00e7\u00f5es sobre a bolsa de P\u00f3s-Doutorado da FAPESP est\u00e3o dispon\u00edveis em .<\/p>\n<p>Outras vagas de bolsas de P\u00f3s-Doutorado, em diversas \u00e1reas do conhecimento, est\u00e3o no site .<\/p>\n","protected":false},"excerpt":{"rendered":"<p>Ag\u00eancia FAPESP \u2013 O Centro de Inova\u00e7\u00e3o em Sistemas Nanoestruturados e de Administra\u00e7\u00e3o T\u00f3pica (NanoTop), da Faculdade de Ci\u00eancias Farmac\u00eauticas de Ribeir\u00e3o Preto (FCFRP) da Universidade de S\u00e3o Paulo (USP), oferece uma oportunidade de P\u00f3s-Doutorado em Nanotecnologia com bolsa FAPESP. O prazo de inscri\u00e7\u00e3o encerra em 20 de fevereiro. O bolsista far\u00e1 parte da equipe [&hellip;]<\/p>\n","protected":false},"author":2,"featured_media":34767,"comment_status":"open","ping_status":"closed","sticky":false,"template":"","format":"standard","meta":{"tdm_status":"","tdm_grid_status":"","footnotes":""},"categories":[22,370,353],"tags":[],"class_list":{"0":"post-106569","1":"post","2":"type-post","3":"status-publish","4":"format-standard","5":"has-post-thumbnail","7":"category-brasil","8":"category-inscricao","9":"category-oportunidades"},"_links":{"self":[{"href":"https:\/\/migracao.redenoticia.com.br\/noticia\/wp-json\/wp\/v2\/posts\/106569","targetHints":{"allow":["GET"]}}],"collection":[{"href":"https:\/\/migracao.redenoticia.com.br\/noticia\/wp-json\/wp\/v2\/posts"}],"about":[{"href":"https:\/\/migracao.redenoticia.com.br\/noticia\/wp-json\/wp\/v2\/types\/post"}],"author":[{"embeddable":true,"href":"https:\/\/migracao.redenoticia.com.br\/noticia\/wp-json\/wp\/v2\/users\/2"}],"replies":[{"embeddable":true,"href":"https:\/\/migracao.redenoticia.com.br\/noticia\/wp-json\/wp\/v2\/comments?post=106569"}],"version-history":[{"count":0,"href":"https:\/\/migracao.redenoticia.com.br\/noticia\/wp-json\/wp\/v2\/posts\/106569\/revisions"}],"wp:featuredmedia":[{"embeddable":true,"href":"https:\/\/migracao.redenoticia.com.br\/noticia\/wp-json\/wp\/v2\/media\/34767"}],"wp:attachment":[{"href":"https:\/\/migracao.redenoticia.com.br\/noticia\/wp-json\/wp\/v2\/media?parent=106569"}],"wp:term":[{"taxonomy":"category","embeddable":true,"href":"https:\/\/migracao.redenoticia.com.br\/noticia\/wp-json\/wp\/v2\/categories?post=106569"},{"taxonomy":"post_tag","embeddable":true,"href":"https:\/\/migracao.redenoticia.com.br\/noticia\/wp-json\/wp\/v2\/tags?post=106569"}],"curies":[{"name":"wp","href":"https:\/\/api.w.org\/{rel}","templated":true}]}}