{"id":106571,"date":"2017-02-10T01:02:10","date_gmt":"2017-02-10T03:02:10","guid":{"rendered":"http:\/\/www.redenoticia.com.br\/noticia\/?p=106571"},"modified":"2017-02-09T21:22:50","modified_gmt":"2017-02-09T23:22:50","slug":"governo-fixara-criterios-de-selecao-de-brasileiros-para-escola-de-tv-de-cuba","status":"publish","type":"post","link":"https:\/\/migracao.redenoticia.com.br\/noticia\/2017\/governo-fixara-criterios-de-selecao-de-brasileiros-para-escola-de-tv-de-cuba\/106571","title":{"rendered":"Governo fixar\u00e1 crit\u00e9rios de sele\u00e7\u00e3o de brasileiros para escola de TV de Cuba"},"content":{"rendered":"<p> O Minist\u00e9rio da Cultura quer estabelecer crit\u00e9rios para a <strong><em>sele\u00e7\u00e3o de brasileiros que ingressam na Escola Internacional de Cinema e Televis\u00e3o de Cuba<\/em><\/strong> com bolsas concedidas pelo governo federal. A informa\u00e7\u00e3o foi dada pelo ministro Roberto Freire, em entrevista no Recife. A Secretaria de Audiovisual, ligada ao minist\u00e9rio, concede bolsas parciais a alunos selecionados pela escola cubana. Recentemente, a representa\u00e7\u00e3o do processo seletivo no Brasil informou que a parceria tinha sido suspensa. Freire disse, no entanto, que a parceria dever\u00e1 continuar, mas n\u00e3o \u201cnos mesmos termos\u201d. \u201cVai ter que fazer um novo acordo que tenha efic\u00e1cia jur\u00eddica, e vamos come\u00e7ar a definir os nossos interesses tamb\u00e9m, porque voc\u00ea n\u00e3o sabia nem quem ia para Cuba e quem de l\u00e1 voltava. E o que isso significava\u201d, disse o ministro.<\/p>\n<p>Segundo Freire, \u00e9 preciso criar crit\u00e9rios para a sele\u00e7\u00e3o. O ministro garantiu que os alunos que j\u00e1 est\u00e3o fazendo o curso n\u00e3o ser\u00e3o afetados. \u201cN\u00e3o vai haver descontinuidade para os alunos que est\u00e3o l\u00e1. Vamos respeitar isso, mas vamos fazer em novas bases.\u201d<\/p>\n<p>Em nota divulgada por sua assessoria de imprensa, o Minist\u00e9rio da Cultura havia informado que o termo de coopera\u00e7\u00e3o firmado em 2009 entre a Secretaria de Audiovisual e a Funda\u00e7\u00e3o Del Nuevo Cine Lationamericano \u2013 mantenedora da Escola de Cinema e TV de Cuba \u2013 n\u00e3o se encaixa na \u201clegisla\u00e7\u00e3o que rege as parcerias com o setor privado (Lei 13.019\/2014). Essa lei n\u00e3o admite parcerias com entidades estrangeiras, ainda que sem fins lucrativos, sem que tenham constitui\u00e7\u00e3o jur\u00eddica em territ\u00f3rio brasileiro\u201d, diz o texto.<\/p>\n<p>Processo de sele\u00e7\u00e3o<\/p>\n<p>Por telefone, o coordenador da sele\u00e7\u00e3o de estudantes brasileiros, Guido P\u00e1dua, confirmou que h\u00e1 um di\u00e1logo para que o acordo seja restabelecido. De acordo com P\u00e1dua, um dos pontos para os quais o minist\u00e9rio pediu esclarecimentos \u00e9 a forma como os alunos s\u00e3o selecionados. \u201cO processo \u00e9 todo independente do minist\u00e9rio. Sendo independente, nunca foram discutidos internamente esses crit\u00e9rios, e \u00e9 isso que a gente tem que fazer. Eu tive uma conversa com a Secret\u00e1ria de Audiovisual na semana passada e estou aguardando agora; eles falaram que eu vou a Bras\u00edlia para explicar como \u00e9 esse processo de sele\u00e7\u00e3o.\u201d<\/p>\n<p>P\u00e1dua disse que o problema \u00e9 que o final do processo de sele\u00e7\u00e3o da escola \u00e9 feito em Cuba, n\u00e3o no Brasil e que n\u00e3o h\u00e1 um n\u00famero fixo de vagas disponibilizadas para brasileiros a cada processo seletivo. \u201cPodemos at\u00e9 definir um n\u00famero de vagas para o Brasil, mas n\u00e3o temos como definir quais vagas, porque s\u00e3o oito \u00e1reas diferentes, e os brasileiros que v\u00e3o [para Cuba] dependem tamb\u00e9m dos candidatos de outros pa\u00edses. S\u00e3o cinco por \u00e1rea no mundo que v\u00e3o para l\u00e1 todo ano. Isso vai depender de muitas vari\u00e1veis, n\u00e3o t\u00eam como prever\u201d, explicou.<\/p>\n<p>Anualmente, calcula P\u00e1dua, entre quatro e seis brasileiros entram na Escola de Cinema e TV de Cuba, seguindo uma m\u00e9dia hist\u00f3rica. O custo do curso \u00e9 de \u20ac15 mil por tr\u00eas anos, com direito a hospedagem, alimenta\u00e7\u00e3o e deslocamento at\u00e9 a escola, entre outros benef\u00edcios. Desde 2009 o governo brasileiro, por meio do Minist\u00e9rio da Cultura, pagava at\u00e9 75% desse valor nas bolsas.<\/p>\n<p>A escola existe desde 1986, e foi idealizada, entre outros fundadores, pelo jornalista e escritor colombiano Gabriel Garcia M\u00e1rquez, ganhador do Pr\u00eamio Nobel de Literatura. A sele\u00e7\u00e3o \u00e9 aberta a profissionais de todo o mundo \u2013 50 nacionalidades j\u00e1 passaram por l\u00e1. Para tentar uma vaga na institui\u00e7\u00e3o, os candidatos precisam ter entre 22 e 30 anos e dois anos de estudos superiores ou t\u00e9cnicos, entre outros crit\u00e9rios. As inscri\u00e7\u00f5es est\u00e3o abertas para uma nova sele\u00e7\u00e3o at\u00e9 o dia 3 de mar\u00e7o, e as provas ser\u00e3o no dia 17 do mesmo m\u00eas.<\/p>\n<p>Lei Rouanet<\/p>\n<p>Na entrevista desta quinta-feira, o ministro Roberto Freire voltou a anunciar a reformula\u00e7\u00e3o da Lei Federal de Incentivo \u00e0 Cultura, conhecida como Lei Rouanet. Ele disse que as mudan\u00e7as se dar\u00e3o por instru\u00e7\u00e3o normativa, que deve ser lan\u00e7ada na pr\u00f3xima semana. \u201cDuas quest\u00f5es s\u00e3o cr\u00edticas recorrentes e que estamos regulamentando na tramita\u00e7\u00e3o de forma a impor limites e incentivar a descentraliza\u00e7\u00e3o e democratiza\u00e7\u00e3o,\u201d<\/p>\n<p>\u201cCr\u00edtica-se muito que recursos que v\u00e3o para eventos que n\u00e3o correspondem ao que significa incentivo. Vou dar um exemplo: o Cirque du Soleil, que \u00e9 uma coisa internacional, e n\u00e3o tinha por que a Llei Rouanet&#8230; Algo que seria, evidentemente, atendido pelo pr\u00f3prio mercado\u201d, afirmou.<\/p>\n<p>Tamb\u00e9m ser\u00e1 criado um mecanismo para favorecer projetos criados para as regi\u00f5es Norte, Nordeste e Centro-Oeste. Segundo o ministro, o motivo seria uma concentra\u00e7\u00e3o dos projetos atendidos atualmente no Sudeste. &#8220;N\u00f3s estamos criando e induzindo que pode ter algum ganho aquele que aplicar nessas regi\u00f5es que s\u00e3o menos atendidas. Vamos ver se funciona.&#8221;<\/p>\n<p>O ministro falou \u00e0 imprensa na comemora\u00e7\u00e3o de tr\u00eas anos do Pa\u00e7o do Frevo e dos 110 anos do frevo, considerado patrim\u00f4nio imaterial da humanidade. O espa\u00e7o cultural, mantido pela prefeitura do Recife e gerido pelo Instituto de Desenvolvimento e Gest\u00e3o, organiza\u00e7\u00e3o social sem fins lucrativos, recebeu hoje, do Instituto do Patrim\u00f4nio Hist\u00f3rico e Art\u00edstico Nacional (Iphan), uma certifica\u00e7\u00e3o de centro de refer\u00eancia pelos servi\u00e7os prestados na preserva\u00e7\u00e3o e continuidade do frevo.<\/p>\n<p>Sumaia Villela &#8211; Correspondente da Ag\u00eancia Brasil<br \/>\nEdi\u00e7\u00e3o: Kleber Sampaio<br \/>\n10\/02\/2017<\/p>\n","protected":false},"excerpt":{"rendered":"<p>O Minist\u00e9rio da Cultura quer estabelecer crit\u00e9rios para a sele\u00e7\u00e3o de brasileiros que ingressam na Escola Internacional de Cinema e Televis\u00e3o de Cuba com bolsas concedidas pelo governo federal. A informa\u00e7\u00e3o foi dada pelo ministro Roberto Freire, em entrevista no Recife. A Secretaria de Audiovisual, ligada ao minist\u00e9rio, concede bolsas parciais a alunos selecionados pela [&hellip;]<\/p>\n","protected":false},"author":2,"featured_media":36246,"comment_status":"open","ping_status":"closed","sticky":false,"template":"","format":"standard","meta":{"tdm_status":"","tdm_grid_status":"","footnotes":""},"categories":[22,351,370],"tags":[],"class_list":{"0":"post-106571","1":"post","2":"type-post","3":"status-publish","4":"format-standard","5":"has-post-thumbnail","7":"category-brasil","8":"category-cursos","9":"category-inscricao"},"_links":{"self":[{"href":"https:\/\/migracao.redenoticia.com.br\/noticia\/wp-json\/wp\/v2\/posts\/106571","targetHints":{"allow":["GET"]}}],"collection":[{"href":"https:\/\/migracao.redenoticia.com.br\/noticia\/wp-json\/wp\/v2\/posts"}],"about":[{"href":"https:\/\/migracao.redenoticia.com.br\/noticia\/wp-json\/wp\/v2\/types\/post"}],"author":[{"embeddable":true,"href":"https:\/\/migracao.redenoticia.com.br\/noticia\/wp-json\/wp\/v2\/users\/2"}],"replies":[{"embeddable":true,"href":"https:\/\/migracao.redenoticia.com.br\/noticia\/wp-json\/wp\/v2\/comments?post=106571"}],"version-history":[{"count":0,"href":"https:\/\/migracao.redenoticia.com.br\/noticia\/wp-json\/wp\/v2\/posts\/106571\/revisions"}],"wp:featuredmedia":[{"embeddable":true,"href":"https:\/\/migracao.redenoticia.com.br\/noticia\/wp-json\/wp\/v2\/media\/36246"}],"wp:attachment":[{"href":"https:\/\/migracao.redenoticia.com.br\/noticia\/wp-json\/wp\/v2\/media?parent=106571"}],"wp:term":[{"taxonomy":"category","embeddable":true,"href":"https:\/\/migracao.redenoticia.com.br\/noticia\/wp-json\/wp\/v2\/categories?post=106571"},{"taxonomy":"post_tag","embeddable":true,"href":"https:\/\/migracao.redenoticia.com.br\/noticia\/wp-json\/wp\/v2\/tags?post=106571"}],"curies":[{"name":"wp","href":"https:\/\/api.w.org\/{rel}","templated":true}]}}