{"id":106670,"date":"2017-02-11T16:56:53","date_gmt":"2017-02-11T18:56:53","guid":{"rendered":"http:\/\/www.redenoticia.com.br\/noticia\/?p=106670"},"modified":"2017-02-11T17:00:01","modified_gmt":"2017-02-11T19:00:01","slug":"resumo-novela-carinha-de-anjo-1302-estefania-recebe-proposta-de-trabalho","status":"publish","type":"post","link":"https:\/\/migracao.redenoticia.com.br\/noticia\/2017\/resumo-novela-carinha-de-anjo-1302-estefania-recebe-proposta-de-trabalho\/106670","title":{"rendered":"Resumo novela \u201cCarinha de Anjo\u201d 13\/02: Estef\u00e2nia recebe proposta de trabalho"},"content":{"rendered":"<p><img loading=\"lazy\" decoding=\"async\" class=\"alignleft size-thumbnail wp-image-99331\" src=\"https:\/\/migracao.redenoticia.com.br\/noticia\/imagens\/carinha_de_anjo_sbt_novela_resumo_capitulo-150x112.jpg\" alt=\"carinha_de_anjo_sbt_novela_resumo_capitulo\" width=\"150\" height=\"112\" srcset=\"https:\/\/migracao.redenoticia.com.br\/noticia\/imagens\/carinha_de_anjo_sbt_novela_resumo_capitulo-150x112.jpg 150w, https:\/\/migracao.redenoticia.com.br\/noticia\/imagens\/carinha_de_anjo_sbt_novela_resumo_capitulo-265x198.jpg 265w\" sizes=\"auto, (max-width: 150px) 100vw, 150px\" \/><strong><em>Resumo novela \u201cCarinha de Anjo\u201d 13\/02<\/em><\/strong>: nNo cap\u00edtulo 061(*) da novela \u201cCarinha de Anjo\u201d, segunda-feira, 13 de fevereiro, Frida e B\u00e1rbara amea\u00e7am Dulce Maria e dizem que v\u00e3o contar para a irm\u00e3 Fabiana que ela \u00e9 fofoqueira. Vitor estranha a preocupa\u00e7\u00e3o de Estef\u00e2nia ap\u00f3s receber uma liga\u00e7\u00e3o. O chef de cozinha diz que no dia da estreia de seu food truck dar\u00e1 comida de gra\u00e7a para atrair clientes. Juju chora por estar magoada com Zeca e Rosana consola a vlogueira. Dulce conta para Fabiana o que aconteceu. Zeca n\u00e3o quer mais ir \u00e0 entrevista, mas Diana convence o filho a n\u00e3o desistir. Rosana v\u00ea Peixoto beijando Haydee e fica nervosa. Estef\u00e2nia conta para Gustavo e Padre Gabriel que sua amiga lhe convidou para trabalhar como estilista chefe em Londres, mas que n\u00e3o sabe se aceita ou n\u00e3o, pois n\u00e3o quer se separar de Vitor. Fabiana conta para Cec\u00edlia que Nicole est\u00e1 fingindo ser boa e ajudando Zeca, mas que na opini\u00e3o dela \u00e9 uma nova estrat\u00e9gia para conquistar Gustavo.<\/p>\n<p>(*) edi\u00e7\u00e3o do SBT, Novela \u201cCarinha de Anjo\u201d, sujeito a altera\u00e7\u00e3o de data e conte\u00fado.<\/p>\n<p>Carinha de Anjo \u00e9 uma telenovela brasileira produzida e exibida originalmente pelo SBT desde o dia 21 de novembro de 2016, substituindo o hor\u00e1rio anteriormente ocupado por C\u00famplices de um Resgate. A telenovela \u00e9 inspirada na mexicana Carita de \u00e1ngel, que, por sua vez, \u00e9 um remake de Mundo de juguete, ambas produzidas pela Televisa e que haviam sido baseadas na trama argentina escrita por Abel Santa Cruz, Pap\u00e1 coraz\u00f3n. Esta ser\u00e1 a segunda adapta\u00e7\u00e3o brasileira da obra original argentina, visto que a Rede Tupi apresentou em 1976 a sua primeira vers\u00e3o, chamada de Papai Cora\u00e7\u00e3o. A nova vers\u00e3o \u00e9 escrita por Leonor Corr\u00eaa, com supervis\u00e3o de \u00cdris Abravanel e dire\u00e7\u00e3o geral de Ricardo Mantoanelli. A trama conta com Lorena Queiroz, Bia Arantes, Carlo Porto, Priscila Sol, Dani Gondim, Karin Hils, Eliana Guttman e Lucero nos pap\u00e9is principais.<\/p>\n","protected":false},"excerpt":{"rendered":"<p>Resumo novela \u201cCarinha de Anjo\u201d 13\/02: nNo cap\u00edtulo 061(*) da novela \u201cCarinha de Anjo\u201d, segunda-feira, 13 de fevereiro, Frida e B\u00e1rbara amea\u00e7am Dulce Maria e dizem que v\u00e3o contar para a irm\u00e3 Fabiana que ela \u00e9 fofoqueira. Vitor estranha a preocupa\u00e7\u00e3o de Estef\u00e2nia ap\u00f3s receber uma liga\u00e7\u00e3o. O chef de cozinha diz que no dia [&hellip;]<\/p>\n","protected":false},"author":4,"featured_media":99331,"comment_status":"open","ping_status":"closed","sticky":false,"template":"","format":"standard","meta":{"tdm_status":"","tdm_grid_status":"","footnotes":""},"categories":[452,379,372,343],"tags":[441],"class_list":{"0":"post-106670","1":"post","2":"type-post","3":"status-publish","4":"format-standard","5":"has-post-thumbnail","7":"category-carinha-de-anjo","8":"category-novelas","9":"category-sbt","10":"category-televisao","11":"tag-resumo-do-dia"},"_links":{"self":[{"href":"https:\/\/migracao.redenoticia.com.br\/noticia\/wp-json\/wp\/v2\/posts\/106670","targetHints":{"allow":["GET"]}}],"collection":[{"href":"https:\/\/migracao.redenoticia.com.br\/noticia\/wp-json\/wp\/v2\/posts"}],"about":[{"href":"https:\/\/migracao.redenoticia.com.br\/noticia\/wp-json\/wp\/v2\/types\/post"}],"author":[{"embeddable":true,"href":"https:\/\/migracao.redenoticia.com.br\/noticia\/wp-json\/wp\/v2\/users\/4"}],"replies":[{"embeddable":true,"href":"https:\/\/migracao.redenoticia.com.br\/noticia\/wp-json\/wp\/v2\/comments?post=106670"}],"version-history":[{"count":0,"href":"https:\/\/migracao.redenoticia.com.br\/noticia\/wp-json\/wp\/v2\/posts\/106670\/revisions"}],"wp:featuredmedia":[{"embeddable":true,"href":"https:\/\/migracao.redenoticia.com.br\/noticia\/wp-json\/wp\/v2\/media\/99331"}],"wp:attachment":[{"href":"https:\/\/migracao.redenoticia.com.br\/noticia\/wp-json\/wp\/v2\/media?parent=106670"}],"wp:term":[{"taxonomy":"category","embeddable":true,"href":"https:\/\/migracao.redenoticia.com.br\/noticia\/wp-json\/wp\/v2\/categories?post=106670"},{"taxonomy":"post_tag","embeddable":true,"href":"https:\/\/migracao.redenoticia.com.br\/noticia\/wp-json\/wp\/v2\/tags?post=106670"}],"curies":[{"name":"wp","href":"https:\/\/api.w.org\/{rel}","templated":true}]}}