{"id":106769,"date":"2017-02-13T18:36:41","date_gmt":"2017-02-13T20:36:41","guid":{"rendered":"http:\/\/www.redenoticia.com.br\/noticia\/?p=106769"},"modified":"2017-02-13T18:44:23","modified_gmt":"2017-02-13T20:44:23","slug":"resumo-novela-rock-story-1402-lazaro-comemora-aproximacao-com-tom-e-jf","status":"publish","type":"post","link":"https:\/\/migracao.redenoticia.com.br\/noticia\/2017\/resumo-novela-rock-story-1402-lazaro-comemora-aproximacao-com-tom-e-jf\/106769","title":{"rendered":"Resumo novela \u201cRock Story\u201d 14\/02: L\u00e1zaro comemora aproxima\u00e7\u00e3o com Tom e JF"},"content":{"rendered":"<p><img loading=\"lazy\" decoding=\"async\" class=\"alignleft size-thumbnail wp-image-97429\" src=\"https:\/\/migracao.redenoticia.com.br\/noticia\/imagens\/logo_rock_story-150x112.jpg\" alt=\"logo_rock_story\" width=\"150\" height=\"112\" srcset=\"https:\/\/migracao.redenoticia.com.br\/noticia\/imagens\/logo_rock_story-150x112.jpg 150w, https:\/\/migracao.redenoticia.com.br\/noticia\/imagens\/logo_rock_story-265x198.jpg 265w\" sizes=\"auto, (max-width: 150px) 100vw, 150px\" \/><strong><em>Resumo novela \u201cRock Story\u201d 14\/02<\/em><\/strong>: no cap\u00edtulo 084(*) da novela \u201cRock Story\u201d, ter\u00e7a-feira, 14 de fevereiro, Diana desconfia do atropelamento de J\u00falia. J\u00falia diz a Gui que ele a culpa pela perda do beb\u00ea. JF consegue convencer Tom a ir a uma festa na casa de L\u00e1zaro. Gui nota o clima de desaven\u00e7a entre Tom e Zac. Nicolau comenta com Zac que JF mentiu novamente para Luana. L\u00e1zaro tenta impressionar Tom, apresentando-o para celebridades. J\u00falia afirma para Lorena que Alex est\u00e1 vivo. L\u00e1zaro comemora com Ramon sua aproxima\u00e7\u00e3o com Tom e JF. Gilda avisa a Haroldo e Nicolau que far\u00e1 uma surpresa na inaugura\u00e7\u00e3o do sal\u00e3o. Nicolau se prontifica a ajudar Luana com a mudan\u00e7a. Nelson n\u00e3o gosta de nenhuma candidata selecionada por Edith para o Rebola Embola. Gui repreende JF por chegar atrasado no encontro da banda. Diana pede a Gordo que d\u00ea uma chance para L\u00e9o. Gui se sente envergonhado ao perceber que fez a banda perder o show de Rio das Ostras por uma confus\u00e3o com o hor\u00e1rio.<\/p>\n<p>(*) edi\u00e7\u00e3o da Rede Globo, Novela \u201cRock Story\u201d, sujeito a altera\u00e7\u00e3o de data e conte\u00fado.<\/p>\n<p>Rock Story \u00e9 uma telenovela brasileira produzida pela Rede Globo, para o hor\u00e1rio das 19 horas, com estreia em 9 de novembro de 2016, substituindo Haja Cora\u00e7\u00e3o. Escrita por Maria Helena Nascimento, com supervis\u00e3o de texto de Ricardo Linhares, \u00e9 escrita com a colabora\u00e7\u00e3o de \u00c2ngela Chaves, Cl\u00e1udio Lisboa, Chico Soares e Daisy Chaves, com dire\u00e7\u00e3o geral de Maria de M\u00e9dicis e dire\u00e7\u00e3o art\u00edstica de Dennis Carvalho. Conta com as participa\u00e7\u00f5es de Vladimir Brichta, Nathalia Dill, Alinne Moraes, Rafael Vitti, Jo\u00e3o de Castro, Viviane Ara\u00fajo, Nicolas Prattes e Caio Paduan.<\/p>\n","protected":false},"excerpt":{"rendered":"<p>Resumo novela \u201cRock Story\u201d 14\/02: no cap\u00edtulo 084(*) da novela \u201cRock Story\u201d, ter\u00e7a-feira, 14 de fevereiro, Diana desconfia do atropelamento de J\u00falia. J\u00falia diz a Gui que ele a culpa pela perda do beb\u00ea. JF consegue convencer Tom a ir a uma festa na casa de L\u00e1zaro. Gui nota o clima de desaven\u00e7a entre Tom [&hellip;]<\/p>\n","protected":false},"author":4,"featured_media":97429,"comment_status":"open","ping_status":"closed","sticky":false,"template":"","format":"standard","meta":{"tdm_status":"","tdm_grid_status":"","footnotes":""},"categories":[379,375,343],"tags":[441],"class_list":{"0":"post-106769","1":"post","2":"type-post","3":"status-publish","4":"format-standard","5":"has-post-thumbnail","7":"category-novelas","8":"category-rede-globo","9":"category-televisao","10":"tag-resumo-do-dia"},"_links":{"self":[{"href":"https:\/\/migracao.redenoticia.com.br\/noticia\/wp-json\/wp\/v2\/posts\/106769","targetHints":{"allow":["GET"]}}],"collection":[{"href":"https:\/\/migracao.redenoticia.com.br\/noticia\/wp-json\/wp\/v2\/posts"}],"about":[{"href":"https:\/\/migracao.redenoticia.com.br\/noticia\/wp-json\/wp\/v2\/types\/post"}],"author":[{"embeddable":true,"href":"https:\/\/migracao.redenoticia.com.br\/noticia\/wp-json\/wp\/v2\/users\/4"}],"replies":[{"embeddable":true,"href":"https:\/\/migracao.redenoticia.com.br\/noticia\/wp-json\/wp\/v2\/comments?post=106769"}],"version-history":[{"count":0,"href":"https:\/\/migracao.redenoticia.com.br\/noticia\/wp-json\/wp\/v2\/posts\/106769\/revisions"}],"wp:featuredmedia":[{"embeddable":true,"href":"https:\/\/migracao.redenoticia.com.br\/noticia\/wp-json\/wp\/v2\/media\/97429"}],"wp:attachment":[{"href":"https:\/\/migracao.redenoticia.com.br\/noticia\/wp-json\/wp\/v2\/media?parent=106769"}],"wp:term":[{"taxonomy":"category","embeddable":true,"href":"https:\/\/migracao.redenoticia.com.br\/noticia\/wp-json\/wp\/v2\/categories?post=106769"},{"taxonomy":"post_tag","embeddable":true,"href":"https:\/\/migracao.redenoticia.com.br\/noticia\/wp-json\/wp\/v2\/tags?post=106769"}],"curies":[{"name":"wp","href":"https:\/\/api.w.org\/{rel}","templated":true}]}}