{"id":106775,"date":"2017-02-13T17:25:41","date_gmt":"2017-02-13T19:25:41","guid":{"rendered":"http:\/\/www.redenoticia.com.br\/noticia\/?p=106775"},"modified":"2017-02-13T18:40:44","modified_gmt":"2017-02-13T20:40:44","slug":"resumo-novela-cheias-de-charme-1402-chayene-divulga-video-das-empreguetes","status":"publish","type":"post","link":"https:\/\/migracao.redenoticia.com.br\/noticia\/2017\/resumo-novela-cheias-de-charme-1402-chayene-divulga-video-das-empreguetes\/106775","title":{"rendered":"Resumo novela \u201cCheias de Charme\u201d 14\/02: Chayene divulga v\u00eddeo das Empreguetes"},"content":{"rendered":"<p><img loading=\"lazy\" decoding=\"async\" class=\"alignleft size-thumbnail wp-image-95548\" src=\"https:\/\/migracao.redenoticia.com.br\/noticia\/imagens\/cheias-de-charme-novela-globo-internacional-resumo-proximo-capitulo-150x112.jpg\" alt=\"cheias-de-charme-novela-globo-internacional-resumo-proximo-capitulo\" width=\"150\" height=\"112\" \/><strong><em>Resumo novela \u201cCheias de Charme\u201d 14\/02<\/em><\/strong>: no cap\u00edtulo 107(*) da novela \u201cCheias de Charme\u201d, ter\u00e7a-feira, 14 de fevereiro, Socorro se esconde na varanda. Conrado confessa para Isadora que nunca gostou dela, e Cida escuta. Cida percebe o interesse entre Valda e Olavo. Neide defende Penha para Lygia. Socorro entrega o pendrive para Chayene. Brunessa se insinua para Humberto. Lygia e Penha fazem as pazes. Gracinha chora com saudades de Matias e Ariela fica preocupada. Cida decide dar uma chance para Conrado. Voleide exige que M\u00e1slova pague o que deve. Socorro devolve o pendrive de Kleiton, sem ser vista. Chayene manda La\u00e9rcio divulgar o v\u00eddeo das Empreguetes durante a coletiva das cantoras.<\/p>\n<p>(*) edi\u00e7\u00e3o da Rede Globo, Novela \u201cCheias de Charme\u201d, sujeito a altera\u00e7\u00e3o de data e conte\u00fado.<\/p>\n<p>Cheias de Charme \u00e9 uma telenovela brasileira produzida e exibida pela Rede Globo. Escrita por Filipe Miguez e Izabel de Oliveira, com colabora\u00e7\u00e3o de Daisy Chaves, Isabel Muniz, Jo\u00e3o Brand\u00e3o, Lais Mendes Pimentel, Paula Amaral e S\u00e9rgio Marques, contou com a supervis\u00e3o de texto de Ricardo Linhares e dire\u00e7\u00e3o de Allan Fiterman, Maria de M\u00e9dicis, Nat\u00e1lia Grimberg e Denise Saraceni. Dire\u00e7\u00e3o geral de Carlos Ara\u00fajo e dire\u00e7\u00e3o de n\u00facleo de Denise Saraceni. Contou com as participa\u00e7\u00f5es de Ta\u00eds Ara\u00fajo, Cl\u00e1udia Abreu, Leandra Leal, Isabelle Drummond, Ricardo Tozzi, Malu Galli, Marcos Palmeira e Jonatas Faro.<\/p>\n","protected":false},"excerpt":{"rendered":"<p>Resumo novela \u201cCheias de Charme\u201d 14\/02: no cap\u00edtulo 107(*) da novela \u201cCheias de Charme\u201d, ter\u00e7a-feira, 14 de fevereiro, Socorro se esconde na varanda. Conrado confessa para Isadora que nunca gostou dela, e Cida escuta. Cida percebe o interesse entre Valda e Olavo. Neide defende Penha para Lygia. Socorro entrega o pendrive para Chayene. Brunessa se [&hellip;]<\/p>\n","protected":false},"author":4,"featured_media":95548,"comment_status":"open","ping_status":"closed","sticky":false,"template":"","format":"standard","meta":{"tdm_status":"","tdm_grid_status":"","footnotes":""},"categories":[379,375,343],"tags":[441],"class_list":{"0":"post-106775","1":"post","2":"type-post","3":"status-publish","4":"format-standard","5":"has-post-thumbnail","7":"category-novelas","8":"category-rede-globo","9":"category-televisao","10":"tag-resumo-do-dia"},"_links":{"self":[{"href":"https:\/\/migracao.redenoticia.com.br\/noticia\/wp-json\/wp\/v2\/posts\/106775","targetHints":{"allow":["GET"]}}],"collection":[{"href":"https:\/\/migracao.redenoticia.com.br\/noticia\/wp-json\/wp\/v2\/posts"}],"about":[{"href":"https:\/\/migracao.redenoticia.com.br\/noticia\/wp-json\/wp\/v2\/types\/post"}],"author":[{"embeddable":true,"href":"https:\/\/migracao.redenoticia.com.br\/noticia\/wp-json\/wp\/v2\/users\/4"}],"replies":[{"embeddable":true,"href":"https:\/\/migracao.redenoticia.com.br\/noticia\/wp-json\/wp\/v2\/comments?post=106775"}],"version-history":[{"count":0,"href":"https:\/\/migracao.redenoticia.com.br\/noticia\/wp-json\/wp\/v2\/posts\/106775\/revisions"}],"wp:featuredmedia":[{"embeddable":true,"href":"https:\/\/migracao.redenoticia.com.br\/noticia\/wp-json\/wp\/v2\/media\/95548"}],"wp:attachment":[{"href":"https:\/\/migracao.redenoticia.com.br\/noticia\/wp-json\/wp\/v2\/media?parent=106775"}],"wp:term":[{"taxonomy":"category","embeddable":true,"href":"https:\/\/migracao.redenoticia.com.br\/noticia\/wp-json\/wp\/v2\/categories?post=106775"},{"taxonomy":"post_tag","embeddable":true,"href":"https:\/\/migracao.redenoticia.com.br\/noticia\/wp-json\/wp\/v2\/tags?post=106775"}],"curies":[{"name":"wp","href":"https:\/\/api.w.org\/{rel}","templated":true}]}}