{"id":106781,"date":"2017-02-13T18:35:03","date_gmt":"2017-02-13T20:35:03","guid":{"rendered":"http:\/\/www.redenoticia.com.br\/noticia\/?p=106781"},"modified":"2017-02-13T18:43:07","modified_gmt":"2017-02-13T20:43:07","slug":"resumo-novela-o-que-a-vida-me-roubou-1402-monserrat-diz-que-alessandro-a-comprou","status":"publish","type":"post","link":"https:\/\/migracao.redenoticia.com.br\/noticia\/2017\/resumo-novela-o-que-a-vida-me-roubou-1402-monserrat-diz-que-alessandro-a-comprou\/106781","title":{"rendered":"Resumo novela \u201cO Que A Vida Me Roubou\u201d 14\/02: Monserrat diz que Alessandro a comprou"},"content":{"rendered":"<p><img loading=\"lazy\" decoding=\"async\" class=\"alignleft size-thumbnail wp-image-105656\" src=\"https:\/\/migracao.redenoticia.com.br\/noticia\/imagens\/o-que-a-vida-me-roubou-novela-resumo-sbt-150x112.jpg\" alt=\"\" width=\"150\" height=\"112\" srcset=\"https:\/\/migracao.redenoticia.com.br\/noticia\/imagens\/o-que-a-vida-me-roubou-novela-resumo-sbt-150x112.jpg 150w, https:\/\/migracao.redenoticia.com.br\/noticia\/imagens\/o-que-a-vida-me-roubou-novela-resumo-sbt-265x198.jpg 265w\" sizes=\"auto, (max-width: 150px) 100vw, 150px\" \/><strong><em>Resumo novela \u201cO Que A Vida Me Roubou\u201d 14\/02<\/em><\/strong>: no cap\u00edtulo 012(*) da novela \u201cO Que A Vida Me Roubou\u201d, ter\u00e7a-feira, 14 de fevereiro, Dem\u00e9trio chega, mas Esmeralda pede que n\u00e3o o atendam, pois n\u00e3o deseja v\u00ea-lo. Na resid\u00eancia Almonte, Alessandro est\u00e1 muito pensativo por seu casamento. Victor sugere que ele volte para a fazenda. Alessandro prop\u00f5e que Victor seja o administrador da fazenda, pois ele morar\u00e1 em \u00c1gua Azul depois do casamento. Na fazenda Almonte, Joventino est\u00e1 pensando em Montserrat e fala com Dominga que ela j\u00e1 n\u00e3o o interessa, pois conheceu um \u201canjo\u201d. Adolfo pede cem mil emprestados a Josefina, fazendo com que ela acredite que s\u00e3o para Dem\u00e9trio. Ela aceita emprestar a quantia. Dias depois, Dem\u00e9trio tenta pedir Josefina em namoro, mas n\u00e3o consegue por n\u00e3o gostar dela. Josefina fica pensando e sonhando com o dia que Dem\u00e9trio se declarar\u00e1. <\/p>\n<p>Esmeralda \u00e9 atacada por dois homens. Renato e Jos\u00e9 Luis a defendem. Em agradecimento, ela oferece sua casa para que eles durmam at\u00e9 quando precisarem. Adolfo e Dem\u00e9trio festejam contentes pelo dinheiro que tiraram de Josefina. Graciela pede a Alessandro que fa\u00e7a cargo de suas d\u00edvidas, como haviam combinado. Lauro reclama com Dem\u00e9trio por este n\u00e3o ter ido visitar seu amigo Robledo e o esbofeteia. Dem\u00e9trio o empurra e Lauro cai desmaiado. Toda a fam\u00edlia de Montserrat vai para a capital para que Lauro se recupere em uma cl\u00ednica de luxo. Alessandro arca com todos os gastos. <\/p>\n<p>Joventino procura Graciela em sua resid\u00eancia, mas n\u00e3o a encontra. Jos\u00e9 Luis e Renato v\u00e3o diariamente atr\u00e1s de Montserrat e j\u00e1 est\u00e3o desesperados, mas Jos\u00e9 Luis decide n\u00e3o ir embora at\u00e9 conseguir falar com ela. Quando chegam a sua resid\u00eancia em \u00c1gua Azul, Graciela pede a Monserrat que seja carinhosa com Alessandro, pois ele pagou todas as suas d\u00edvidas. Montserrat se zanga e grita que Alessandro a \u201ccomprou\u201d. Esmeralda se despede de Jos\u00e9 Luis e Renato, de repente tocam a porta e escutam que \u00e9 Dem\u00e9trio, eles se surpreendem.<\/p>\n<p>(*) edi\u00e7\u00e3o do SBT, Novela \u201cO Que A Vida Me Roubou\u201d, sujeito a altera\u00e7\u00e3o de data e conte\u00fado.<\/p>\n<p>Lo que la vida me rob\u00f3 (no Brasil, O Que a Vida Me Roubou) \u00e9 uma telenovela mexicana produzida por Angelli Nesma Medina para Televisa e exibida pelo Canal de las Estrellas entre 28 de outubro de 2013 e 27 de julho de 2014 em 196 cap\u00edtulos, substituindo La tempestad e sendo substitu\u00edda por Hasta el fin del mundo. A original \u00e9 de Caridad Bravo Adams, sendo esta um remake modernizado das novelas Bodas de odio e Amor real, produzidas em 1983 e 2003, respectivamente. Tem Angelique Boyer, Sebasti\u00e1n Rulli, Luis Roberto Guzm\u00e1n, Daniela Castro, Grettell Vald\u00e9z, Sergio Sendel e Lisset nos papeis principais.<\/p>\n","protected":false},"excerpt":{"rendered":"<p>Resumo novela \u201cO Que A Vida Me Roubou\u201d 14\/02: no cap\u00edtulo 012(*) da novela \u201cO Que A Vida Me Roubou\u201d, ter\u00e7a-feira, 14 de fevereiro, Dem\u00e9trio chega, mas Esmeralda pede que n\u00e3o o atendam, pois n\u00e3o deseja v\u00ea-lo. Na resid\u00eancia Almonte, Alessandro est\u00e1 muito pensativo por seu casamento. Victor sugere que ele volte para a fazenda. [&hellip;]<\/p>\n","protected":false},"author":4,"featured_media":105656,"comment_status":"open","ping_status":"closed","sticky":false,"template":"","format":"standard","meta":{"tdm_status":"","tdm_grid_status":"","footnotes":""},"categories":[379,372,343],"tags":[441],"class_list":{"0":"post-106781","1":"post","2":"type-post","3":"status-publish","4":"format-standard","5":"has-post-thumbnail","7":"category-novelas","8":"category-sbt","9":"category-televisao","10":"tag-resumo-do-dia"},"_links":{"self":[{"href":"https:\/\/migracao.redenoticia.com.br\/noticia\/wp-json\/wp\/v2\/posts\/106781","targetHints":{"allow":["GET"]}}],"collection":[{"href":"https:\/\/migracao.redenoticia.com.br\/noticia\/wp-json\/wp\/v2\/posts"}],"about":[{"href":"https:\/\/migracao.redenoticia.com.br\/noticia\/wp-json\/wp\/v2\/types\/post"}],"author":[{"embeddable":true,"href":"https:\/\/migracao.redenoticia.com.br\/noticia\/wp-json\/wp\/v2\/users\/4"}],"replies":[{"embeddable":true,"href":"https:\/\/migracao.redenoticia.com.br\/noticia\/wp-json\/wp\/v2\/comments?post=106781"}],"version-history":[{"count":0,"href":"https:\/\/migracao.redenoticia.com.br\/noticia\/wp-json\/wp\/v2\/posts\/106781\/revisions"}],"wp:featuredmedia":[{"embeddable":true,"href":"https:\/\/migracao.redenoticia.com.br\/noticia\/wp-json\/wp\/v2\/media\/105656"}],"wp:attachment":[{"href":"https:\/\/migracao.redenoticia.com.br\/noticia\/wp-json\/wp\/v2\/media?parent=106781"}],"wp:term":[{"taxonomy":"category","embeddable":true,"href":"https:\/\/migracao.redenoticia.com.br\/noticia\/wp-json\/wp\/v2\/categories?post=106781"},{"taxonomy":"post_tag","embeddable":true,"href":"https:\/\/migracao.redenoticia.com.br\/noticia\/wp-json\/wp\/v2\/tags?post=106781"}],"curies":[{"name":"wp","href":"https:\/\/api.w.org\/{rel}","templated":true}]}}