{"id":106828,"date":"2017-02-14T01:07:20","date_gmt":"2017-02-14T03:07:20","guid":{"rendered":"http:\/\/www.redenoticia.com.br\/noticia\/?p=106828"},"modified":"2017-02-13T22:46:16","modified_gmt":"2017-02-14T00:46:16","slug":"projecao-do-mercado-financeiro-para-inflacao-em-2017-fica-no-centro-da-meta","status":"publish","type":"post","link":"https:\/\/migracao.redenoticia.com.br\/noticia\/2017\/projecao-do-mercado-financeiro-para-inflacao-em-2017-fica-no-centro-da-meta\/106828","title":{"rendered":"Proje\u00e7\u00e3o do mercado financeiro para infla\u00e7\u00e3o em 2017 fica no centro da meta"},"content":{"rendered":"<p> O mercado financeiro reduziu pela sexta semana seguida a proje\u00e7\u00e3o para a <strong><em>infla\u00e7\u00e3o<\/em><\/strong>, este ano. Desta vez, a estimativa para o \u00cdndice Nacional de Pre\u00e7os ao Consumidor Amplo (IPCA) caiu de 4,64% para 4,47%.<\/p>\n<p>As estimativas fazem parte do boletim Focus, uma publica\u00e7\u00e3o elaborada semanalmente pelo Banco Central (BC), com base em proje\u00e7\u00f5es de institui\u00e7\u00f5es financeiras para os principais indicadores econ\u00f4micos. Para 2018, a estimativa para o IPCA permanece em 4,5%, h\u00e1 29 semanas consecutivas.<\/p>\n<p>A meta de infla\u00e7\u00e3o que deve ser perseguida pelo BC \u00e9 4,5%, com limite de toler\u00e2ncia de 1,5 ponto percentual para cima ou para baixo. Ou seja, o limite inferior da meta \u00e9 3% e o superior 6%.<\/p>\n<p>A proje\u00e7\u00e3o de institui\u00e7\u00f5es financeiras para o crescimento da economia (Produto Interno Bruto \u2013 a soma de todas as riquezas produzidas pelo pa\u00eds) este ano, foi ajustada de 0,49% para 0,48%. Para o pr\u00f3ximo ano, a estimativa foi alterada de 2,25% para 2,30%.<\/p>\n<p>Para as institui\u00e7\u00f5es financeiras, a Selic encerrar\u00e1 2017 em 9,5% ao ano e 2018 em 9% ao ano. Atualmente, a Selic est\u00e1 em 13% ao ano. A Selic \u00e9 um dos instrumentos usados para influenciar a atividade econ\u00f4mica e, consequentemente, a infla\u00e7\u00e3o.<\/p>\n<p>Quando o Copom aumenta a Selic, o objetivo \u00e9 conter a demanda aquecida e isso gera reflexos nos pre\u00e7os, porque os juros mais altos encarecem o cr\u00e9dito e estimulam a poupan\u00e7a. J\u00e1 quando o Copom diminui os juros b\u00e1sicos, a tend\u00eancia \u00e9 que o cr\u00e9dito fique mais barato, com incentivo \u00e0 produ\u00e7\u00e3o e ao consumo, reduzindo o controle sobre a infla\u00e7\u00e3o.<\/p>\n<p>Kelly Oliveira \u2013 Rep\u00f3rter da Ag\u00eancia Brasil<br \/>\nEdi\u00e7\u00e3o: Denise Griesinger<br \/>\n14\/02\/2017<\/p>\n","protected":false},"excerpt":{"rendered":"<p>O mercado financeiro reduziu pela sexta semana seguida a proje\u00e7\u00e3o para a infla\u00e7\u00e3o, este ano. Desta vez, a estimativa para o \u00cdndice Nacional de Pre\u00e7os ao Consumidor Amplo (IPCA) caiu de 4,64% para 4,47%. As estimativas fazem parte do boletim Focus, uma publica\u00e7\u00e3o elaborada semanalmente pelo Banco Central (BC), com base em proje\u00e7\u00f5es de institui\u00e7\u00f5es [&hellip;]<\/p>\n","protected":false},"author":2,"featured_media":57584,"comment_status":"open","ping_status":"closed","sticky":false,"template":"","format":"standard","meta":{"tdm_status":"","tdm_grid_status":"","footnotes":""},"categories":[22,7],"tags":[],"class_list":{"0":"post-106828","1":"post","2":"type-post","3":"status-publish","4":"format-standard","5":"has-post-thumbnail","7":"category-brasil","8":"category-economia"},"_links":{"self":[{"href":"https:\/\/migracao.redenoticia.com.br\/noticia\/wp-json\/wp\/v2\/posts\/106828","targetHints":{"allow":["GET"]}}],"collection":[{"href":"https:\/\/migracao.redenoticia.com.br\/noticia\/wp-json\/wp\/v2\/posts"}],"about":[{"href":"https:\/\/migracao.redenoticia.com.br\/noticia\/wp-json\/wp\/v2\/types\/post"}],"author":[{"embeddable":true,"href":"https:\/\/migracao.redenoticia.com.br\/noticia\/wp-json\/wp\/v2\/users\/2"}],"replies":[{"embeddable":true,"href":"https:\/\/migracao.redenoticia.com.br\/noticia\/wp-json\/wp\/v2\/comments?post=106828"}],"version-history":[{"count":0,"href":"https:\/\/migracao.redenoticia.com.br\/noticia\/wp-json\/wp\/v2\/posts\/106828\/revisions"}],"wp:featuredmedia":[{"embeddable":true,"href":"https:\/\/migracao.redenoticia.com.br\/noticia\/wp-json\/wp\/v2\/media\/57584"}],"wp:attachment":[{"href":"https:\/\/migracao.redenoticia.com.br\/noticia\/wp-json\/wp\/v2\/media?parent=106828"}],"wp:term":[{"taxonomy":"category","embeddable":true,"href":"https:\/\/migracao.redenoticia.com.br\/noticia\/wp-json\/wp\/v2\/categories?post=106828"},{"taxonomy":"post_tag","embeddable":true,"href":"https:\/\/migracao.redenoticia.com.br\/noticia\/wp-json\/wp\/v2\/tags?post=106828"}],"curies":[{"name":"wp","href":"https:\/\/api.w.org\/{rel}","templated":true}]}}