{"id":106845,"date":"2017-02-14T18:18:29","date_gmt":"2017-02-14T20:18:29","guid":{"rendered":"http:\/\/www.redenoticia.com.br\/noticia\/?p=106845"},"modified":"2017-02-15T23:23:19","modified_gmt":"2017-02-16T01:23:19","slug":"novela-a-terra-prometida-resumo-1502-gael-aconselha-haniel-a-presentear-tirda","status":"publish","type":"post","link":"https:\/\/migracao.redenoticia.com.br\/noticia\/2017\/novela-a-terra-prometida-resumo-1502-gael-aconselha-haniel-a-presentear-tirda\/106845","title":{"rendered":"Novela \u201cA Terra Prometida\u201d resumo 15\/02: \u00darsula decide levar Salmon para o pal\u00e1cio"},"content":{"rendered":"<p> <img loading=\"lazy\" decoding=\"async\" class=\"alignleft size-thumbnail wp-image-89446\" src=\"https:\/\/migracao.redenoticia.com.br\/noticia\/imagens\/a-terra-prometida-novela-record-resumo-150x112.jpg\" alt=\"a-terra-prometida-novela-record-resumo\" width=\"150\" height=\"112\" srcset=\"https:\/\/migracao.redenoticia.com.br\/noticia\/imagens\/a-terra-prometida-novela-record-resumo-150x112.jpg 150w, https:\/\/migracao.redenoticia.com.br\/noticia\/imagens\/a-terra-prometida-novela-record-resumo-265x198.jpg 265w\" sizes=\"auto, (max-width: 150px) 100vw, 150px\" \/><strong><em>Novela \u201cA Terra Prometida\u201d resumo 15\/02<\/em><\/strong>: no capitulo 161 (*) da novela \u201cA Terra Prometida\u201d, quarta-feira, 15 de fevereiro, \u00darsula vai at\u00e9 a casa de Lina e se depara com a princesa \u00darsula. L\u00e9ia revela toda a verdade para Yana e pede para ela permanecer no acampamento. Mireu conversa com \u00darsula e revela o envolvimento com Ula. A princesa fica satisfeita e avisa que eles est\u00e3o do mesmo lado. Aruna fica feliz ao saber que Yana permanecer\u00e1 em Gilgal. <\/p>\n<p>\u00darsula diz j\u00e1 saber como fazer o rei esquecer Ula. Sem culpar os filhos, L\u00e9ia pede perd\u00e3o a Quemuel. Mireu caminha pelas ruas de Jerusal\u00e9m com \u00darsula e reconhece Salmon. Mireu caminha pelas ruas de Jerusal\u00e9m com \u00darsula e reconhece Salmon. O oficial ordena que os soldados prendam o hebreu. Salmon come\u00e7a a correr. Tobias assume a culpa por ter forjado a falsa trai\u00e7\u00e3o de Yana e Quemuel o expulsa de casa. <\/p>\n<p>Mireu consegue alcan\u00e7ar Salmon. Tirda fica sem jeito de dizer que n\u00e3o achou o vestido bonito. \u00darsula decide levar Salmon para o pal\u00e1cio. Otniel fica sabendo que o amigo foi descoberto. Tobias pede para morar na ferraria de Setur. Quemuel diz que errou na cria\u00e7\u00e3o do filho. Adonizedeque reencontra com a filha. A princesa mostra o hebreu capturado. Raabe cuida de Boaz. <\/p>\n<p>(*) edi\u00e7\u00e3o da Rede Record, Novela \u201cA Terra Prometida\u201d, sujeito a altera\u00e7\u00e3o de data e conte\u00fado.<\/p>\n","protected":false},"excerpt":{"rendered":"<p>Novela \u201cA Terra Prometida\u201d resumo 15\/02: no capitulo 161 (*) da novela \u201cA Terra Prometida\u201d, quarta-feira, 15 de fevereiro, \u00darsula vai at\u00e9 a casa de Lina e se depara com a princesa \u00darsula. L\u00e9ia revela toda a verdade para Yana e pede para ela permanecer no acampamento. Mireu conversa com \u00darsula e revela o envolvimento [&hellip;]<\/p>\n","protected":false},"author":2,"featured_media":89446,"comment_status":"open","ping_status":"closed","sticky":false,"template":"","format":"standard","meta":{"tdm_status":"","tdm_grid_status":"","footnotes":""},"categories":[446,379,371,343],"tags":[441],"class_list":{"0":"post-106845","1":"post","2":"type-post","3":"status-publish","4":"format-standard","5":"has-post-thumbnail","7":"category-a-terra-prometida","8":"category-novelas","9":"category-rede-record","10":"category-televisao","11":"tag-resumo-do-dia"},"_links":{"self":[{"href":"https:\/\/migracao.redenoticia.com.br\/noticia\/wp-json\/wp\/v2\/posts\/106845","targetHints":{"allow":["GET"]}}],"collection":[{"href":"https:\/\/migracao.redenoticia.com.br\/noticia\/wp-json\/wp\/v2\/posts"}],"about":[{"href":"https:\/\/migracao.redenoticia.com.br\/noticia\/wp-json\/wp\/v2\/types\/post"}],"author":[{"embeddable":true,"href":"https:\/\/migracao.redenoticia.com.br\/noticia\/wp-json\/wp\/v2\/users\/2"}],"replies":[{"embeddable":true,"href":"https:\/\/migracao.redenoticia.com.br\/noticia\/wp-json\/wp\/v2\/comments?post=106845"}],"version-history":[{"count":0,"href":"https:\/\/migracao.redenoticia.com.br\/noticia\/wp-json\/wp\/v2\/posts\/106845\/revisions"}],"wp:featuredmedia":[{"embeddable":true,"href":"https:\/\/migracao.redenoticia.com.br\/noticia\/wp-json\/wp\/v2\/media\/89446"}],"wp:attachment":[{"href":"https:\/\/migracao.redenoticia.com.br\/noticia\/wp-json\/wp\/v2\/media?parent=106845"}],"wp:term":[{"taxonomy":"category","embeddable":true,"href":"https:\/\/migracao.redenoticia.com.br\/noticia\/wp-json\/wp\/v2\/categories?post=106845"},{"taxonomy":"post_tag","embeddable":true,"href":"https:\/\/migracao.redenoticia.com.br\/noticia\/wp-json\/wp\/v2\/tags?post=106845"}],"curies":[{"name":"wp","href":"https:\/\/api.w.org\/{rel}","templated":true}]}}