{"id":106870,"date":"2017-02-14T18:11:10","date_gmt":"2017-02-14T20:11:10","guid":{"rendered":"http:\/\/www.redenoticia.com.br\/noticia\/?p=106870"},"modified":"2017-02-14T18:17:13","modified_gmt":"2017-02-14T20:17:13","slug":"resumo-novela-o-que-a-vida-me-roubou-1502-montserrat-e-alessandro-casam-se","status":"publish","type":"post","link":"https:\/\/migracao.redenoticia.com.br\/noticia\/2017\/resumo-novela-o-que-a-vida-me-roubou-1502-montserrat-e-alessandro-casam-se\/106870","title":{"rendered":"Resumo novela \u201cO Que A Vida Me Roubou\u201d 15\/02: Montserrat e Alessandro se casam"},"content":{"rendered":"<p><img loading=\"lazy\" decoding=\"async\" class=\"alignleft size-thumbnail wp-image-105656\" src=\"https:\/\/migracao.redenoticia.com.br\/noticia\/imagens\/o-que-a-vida-me-roubou-novela-resumo-sbt-150x112.jpg\" alt=\"\" width=\"150\" height=\"112\" srcset=\"https:\/\/migracao.redenoticia.com.br\/noticia\/imagens\/o-que-a-vida-me-roubou-novela-resumo-sbt-150x112.jpg 150w, https:\/\/migracao.redenoticia.com.br\/noticia\/imagens\/o-que-a-vida-me-roubou-novela-resumo-sbt-265x198.jpg 265w\" sizes=\"auto, (max-width: 150px) 100vw, 150px\" \/><strong><em>Resumo novela \u201cO Que A Vida Me Roubou\u201d 15\/02<\/em><\/strong>: no cap\u00edtulo 013(*) da novela \u201cO Que A Vida Me Roubou\u201d, quarta-feira, 15 de fevereiro, Dem\u00e9trio tenta abusar de Esmeralda na casa da mo\u00e7a, mas Renato a defende. Dem\u00e9trio o amea\u00e7a dizendo que far\u00e1 com que perca seu trabalho, pois seu pai \u00e9 influente. Jos\u00e9 Luis escuta que a fam\u00edlia Mendon\u00e7a regressou e se emociona. Na resid\u00eancia Medina, Loreto pergunta a Pedro se quer que ele vigie a resid\u00eancia dos Mendon\u00e7a, j\u00e1 que eles est\u00e3o de volta. Pedro responde que n\u00e3o. Nadia mostra o vestido que comprou para o casamento de Montserrat e tamb\u00e9m a roupa de Pedro. Ele pergunta se Nadia sabe se por acaso Montserrat e Jos\u00e9 Luis se v\u00eaem, pois ele \u00e9 um delinquente muito perigoso. <\/p>\n<p>Jos\u00e9 Luis vai atr\u00e1s de Nadia, mas ela se recusa a atend\u00ea-lo. Ele deixa uma carta para que ela entregue a Montserrat. Dem\u00e9trio, desesperado, fala com Adolfo que n\u00e3o tem dinheiro e Adolfo o incentiva a tirar mais de Josefina. Na resid\u00eancia Mendon\u00e7a, Montserrat est\u00e1 muito zangada com Graciela e pede que a m\u00e3e n\u00e3o a incomode mais. Na casa de Esmeralda, ela e Renato se entregam ao amor e ela diz que lhe encantaria saber que problema ele esconde. Renato responde que prefere n\u00e3o envolv\u00ea-la em assuntos que podem prejudic\u00e1-la posteriormente. Na fazenda Almonte, Maria est\u00e1 muito angustiada porque tem um pressentimento sobre Alessandro. <\/p>\n<p>Ela pede a Gaspar que v\u00e1 \u00e1 \u00c1gua Azul ver Alessandro e lhe informe se ele est\u00e1 bem ou n\u00e3o. Gaspar parte com o pretexto que precisa que Alessandro assine alguns pap\u00e9is. Na casa de Josefina, Adolfo pede duzentos mil para um neg\u00f3cio que Dem\u00e9trio pretende abrir. Ela, cega, o d\u00e1 imediatamente. Na pra\u00e7a de \u00c1gua Azul, Adolfo d\u00e1 a Dem\u00e9trio cem mil do dinheiro que tirou de Josefina. Na igreja, Montserrat e Alessandro se casam. Na resid\u00eancia Mendon\u00e7a ocorre a recep\u00e7\u00e3o da cerim\u00f4nia e Nadia entrega a carta de Jos\u00e9 Luis a Montserrat. Ela sai desesperada. Na praia, Montserrat, vestida de noiva, reclama com Jos\u00e9 Luis por t\u00ea-la deixado e diz que se casou. Jos\u00e9 lhe explica que sua fam\u00edlia os envolveu em um jogo de mentiras e o acusaram de matar Gamboa. Montserrat acredita em Jos\u00e9 e eles se beijam com muito amor.<\/p>\n<p>(*) edi\u00e7\u00e3o do SBT, Novela \u201cO Que A Vida Me Roubou\u201d, sujeito a altera\u00e7\u00e3o de data e conte\u00fado.<\/p>\n<p>Lo que la vida me rob\u00f3 (no Brasil, O Que a Vida Me Roubou) \u00e9 uma telenovela mexicana produzida por Angelli Nesma Medina para Televisa e exibida pelo Canal de las Estrellas entre 28 de outubro de 2013 e 27 de julho de 2014 em 196 cap\u00edtulos, substituindo La tempestad e sendo substitu\u00edda por Hasta el fin del mundo. A original \u00e9 de Caridad Bravo Adams, sendo esta um remake modernizado das novelas Bodas de odio e Amor real, produzidas em 1983 e 2003, respectivamente. Tem Angelique Boyer, Sebasti\u00e1n Rulli, Luis Roberto Guzm\u00e1n, Daniela Castro, Grettell Vald\u00e9z, Sergio Sendel e Lisset nos papeis principais.<\/p>\n","protected":false},"excerpt":{"rendered":"<p>Resumo novela \u201cO Que A Vida Me Roubou\u201d 15\/02: no cap\u00edtulo 013(*) da novela \u201cO Que A Vida Me Roubou\u201d, quarta-feira, 15 de fevereiro, Dem\u00e9trio tenta abusar de Esmeralda na casa da mo\u00e7a, mas Renato a defende. Dem\u00e9trio o amea\u00e7a dizendo que far\u00e1 com que perca seu trabalho, pois seu pai \u00e9 influente. Jos\u00e9 Luis [&hellip;]<\/p>\n","protected":false},"author":4,"featured_media":105656,"comment_status":"open","ping_status":"closed","sticky":false,"template":"","format":"standard","meta":{"tdm_status":"","tdm_grid_status":"","footnotes":""},"categories":[379,372,343],"tags":[441],"class_list":{"0":"post-106870","1":"post","2":"type-post","3":"status-publish","4":"format-standard","5":"has-post-thumbnail","7":"category-novelas","8":"category-sbt","9":"category-televisao","10":"tag-resumo-do-dia"},"_links":{"self":[{"href":"https:\/\/migracao.redenoticia.com.br\/noticia\/wp-json\/wp\/v2\/posts\/106870","targetHints":{"allow":["GET"]}}],"collection":[{"href":"https:\/\/migracao.redenoticia.com.br\/noticia\/wp-json\/wp\/v2\/posts"}],"about":[{"href":"https:\/\/migracao.redenoticia.com.br\/noticia\/wp-json\/wp\/v2\/types\/post"}],"author":[{"embeddable":true,"href":"https:\/\/migracao.redenoticia.com.br\/noticia\/wp-json\/wp\/v2\/users\/4"}],"replies":[{"embeddable":true,"href":"https:\/\/migracao.redenoticia.com.br\/noticia\/wp-json\/wp\/v2\/comments?post=106870"}],"version-history":[{"count":0,"href":"https:\/\/migracao.redenoticia.com.br\/noticia\/wp-json\/wp\/v2\/posts\/106870\/revisions"}],"wp:featuredmedia":[{"embeddable":true,"href":"https:\/\/migracao.redenoticia.com.br\/noticia\/wp-json\/wp\/v2\/media\/105656"}],"wp:attachment":[{"href":"https:\/\/migracao.redenoticia.com.br\/noticia\/wp-json\/wp\/v2\/media?parent=106870"}],"wp:term":[{"taxonomy":"category","embeddable":true,"href":"https:\/\/migracao.redenoticia.com.br\/noticia\/wp-json\/wp\/v2\/categories?post=106870"},{"taxonomy":"post_tag","embeddable":true,"href":"https:\/\/migracao.redenoticia.com.br\/noticia\/wp-json\/wp\/v2\/tags?post=106870"}],"curies":[{"name":"wp","href":"https:\/\/api.w.org\/{rel}","templated":true}]}}