{"id":106872,"date":"2017-02-14T16:25:38","date_gmt":"2017-02-14T18:25:38","guid":{"rendered":"http:\/\/www.redenoticia.com.br\/noticia\/?p=106872"},"modified":"2017-02-14T18:13:08","modified_gmt":"2017-02-14T20:13:08","slug":"resumo-novela-querida-inimiga-1502-hortencia-comunica-se-com-seu-advogado","status":"publish","type":"post","link":"https:\/\/migracao.redenoticia.com.br\/noticia\/2017\/resumo-novela-querida-inimiga-1502-hortencia-comunica-se-com-seu-advogado\/106872","title":{"rendered":"Resumo novela \u201cQuerida Inimiga\u201d 15\/02: Hort\u00eancia comunica-se com seu advogado"},"content":{"rendered":"<p><img loading=\"lazy\" decoding=\"async\" class=\"alignleft size-thumbnail wp-image-99744\" src=\"https:\/\/migracao.redenoticia.com.br\/noticia\/imagens\/querida_inimiga_resumo_novela_SBT-150x112.jpg\" alt=\"querida_inimiga_resumo_novela_sbt\" width=\"150\" height=\"112\" srcset=\"https:\/\/migracao.redenoticia.com.br\/noticia\/imagens\/querida_inimiga_resumo_novela_SBT-150x112.jpg 150w, https:\/\/migracao.redenoticia.com.br\/noticia\/imagens\/querida_inimiga_resumo_novela_SBT-265x198.jpg 265w\" sizes=\"auto, (max-width: 150px) 100vw, 150px\" \/><strong><em>Resumo novela \u201cQuerida Inimiga\u201d 15\/02<\/em><\/strong>: no cap\u00edtulo 066(*) da novela \u201cQuerida Inimiga\u201d, quarta-feira, 15 de fevereiro, Betina volta pra casa sozinha e encontra seus pais muito zangados com ela. Betina responde mal \u00e0 sua m\u00e3e e Dar\u00edo a repreende. Paula agradece Dar\u00edo pela ajuda com Betina e diz que eles apenas precisam reaprender a viverem juntos. Noemi questiona Bruno sobre a falta de alguns medicamentos e ele a lembra que sob suas ordens os retirou por estarem fora do prazo de validade. Bruno se sente aliviado, pois seu neg\u00f3cio ainda continuar\u00e1. Hort\u00eancia pede que Augusta ligue para o advogado Mendon\u00e7a e pe\u00e7a que ele v\u00e1 v\u00ea-la. A princ\u00edpio, Mendon\u00e7a duvida muito da capacidade de Hort\u00eancia de comunicar-se. Ela escreve algo para que Mendon\u00e7a leia. Rog\u00e9rio beija Maria. Juliano o agride e pede que n\u00e3o volte nunca. M\u00f4nica diz a Lorena que precisa renunciar a Ernesto, pois ela dormiu com ele primeiro.<\/p>\n<p>(*) edi\u00e7\u00e3o do SBT, Novela \u201cQuerida Inimiga\u201d, sujeito a altera\u00e7\u00e3o de data e conte\u00fado.<\/p>\n<p>Querida enemiga (no Brasil, Querida Inimiga ) \u00e9 uma telenovela mexicana produzida por Lucero Su\u00e1rez para a Televisa e exibida pelo Canal de las Estrellas entre 12 de maio e 10 de outubro de 2008, substituindo Palabra de mujer e sendo substitu\u00edda por En nombre del amor, em 110 cap\u00edtulos. A trama teve Ana Layevska, Gabriel Soto, Jorge Aravena, Mar\u00eda Rubio, Carmen Becerra, Marco M\u00e9ndez, Miguel \u00c1ngel Biaggio, Socorro Bonilla, Alfonso Iturralde, Luz Mar\u00eda Jerez e Luis Xavier nos papeis principais.<\/p>\n","protected":false},"excerpt":{"rendered":"<p>Resumo novela \u201cQuerida Inimiga\u201d 15\/02: no cap\u00edtulo 066(*) da novela \u201cQuerida Inimiga\u201d, quarta-feira, 15 de fevereiro, Betina volta pra casa sozinha e encontra seus pais muito zangados com ela. Betina responde mal \u00e0 sua m\u00e3e e Dar\u00edo a repreende. Paula agradece Dar\u00edo pela ajuda com Betina e diz que eles apenas precisam reaprender a viverem [&hellip;]<\/p>\n","protected":false},"author":4,"featured_media":99744,"comment_status":"open","ping_status":"closed","sticky":false,"template":"","format":"standard","meta":{"tdm_status":"","tdm_grid_status":"","footnotes":""},"categories":[379,372,343],"tags":[441],"class_list":{"0":"post-106872","1":"post","2":"type-post","3":"status-publish","4":"format-standard","5":"has-post-thumbnail","7":"category-novelas","8":"category-sbt","9":"category-televisao","10":"tag-resumo-do-dia"},"_links":{"self":[{"href":"https:\/\/migracao.redenoticia.com.br\/noticia\/wp-json\/wp\/v2\/posts\/106872","targetHints":{"allow":["GET"]}}],"collection":[{"href":"https:\/\/migracao.redenoticia.com.br\/noticia\/wp-json\/wp\/v2\/posts"}],"about":[{"href":"https:\/\/migracao.redenoticia.com.br\/noticia\/wp-json\/wp\/v2\/types\/post"}],"author":[{"embeddable":true,"href":"https:\/\/migracao.redenoticia.com.br\/noticia\/wp-json\/wp\/v2\/users\/4"}],"replies":[{"embeddable":true,"href":"https:\/\/migracao.redenoticia.com.br\/noticia\/wp-json\/wp\/v2\/comments?post=106872"}],"version-history":[{"count":0,"href":"https:\/\/migracao.redenoticia.com.br\/noticia\/wp-json\/wp\/v2\/posts\/106872\/revisions"}],"wp:featuredmedia":[{"embeddable":true,"href":"https:\/\/migracao.redenoticia.com.br\/noticia\/wp-json\/wp\/v2\/media\/99744"}],"wp:attachment":[{"href":"https:\/\/migracao.redenoticia.com.br\/noticia\/wp-json\/wp\/v2\/media?parent=106872"}],"wp:term":[{"taxonomy":"category","embeddable":true,"href":"https:\/\/migracao.redenoticia.com.br\/noticia\/wp-json\/wp\/v2\/categories?post=106872"},{"taxonomy":"post_tag","embeddable":true,"href":"https:\/\/migracao.redenoticia.com.br\/noticia\/wp-json\/wp\/v2\/tags?post=106872"}],"curies":[{"name":"wp","href":"https:\/\/api.w.org\/{rel}","templated":true}]}}