{"id":106875,"date":"2017-02-14T15:25:13","date_gmt":"2017-02-14T17:25:13","guid":{"rendered":"http:\/\/www.redenoticia.com.br\/noticia\/?p=106875"},"modified":"2017-02-14T18:12:27","modified_gmt":"2017-02-14T20:12:27","slug":"resumo-novela-rubi-1502-rosario-rouba-as-economias-de-dona-lola","status":"publish","type":"post","link":"https:\/\/migracao.redenoticia.com.br\/noticia\/2017\/resumo-novela-rubi-1502-rosario-rouba-as-economias-de-dona-lola\/106875","title":{"rendered":"Resumo novela \u201cRubi\u201d 15\/02: Ros\u00e1rio rouba as economias de Dona Lola"},"content":{"rendered":"<p><img loading=\"lazy\" decoding=\"async\" class=\"alignleft size-thumbnail wp-image-103954\" src=\"https:\/\/migracao.redenoticia.com.br\/noticia\/imagens\/rubi-resumo-novela-capitulo-sbt-150x112.jpg\" alt=\"\" width=\"150\" height=\"112\" \/><strong><em>Resumo novela \u201cRubi\u201d 15\/02<\/em><\/strong>: no cap\u00edtulo 023(*) da novela \u201cRubi\u201d, quarta-feira, 15 de fevereiro, Heitor pergunta a Rubi por que reatou seu namoro com Alessandro se n\u00e3o sente nada por ele. Rubi responde que se o homem que ama vai se casar com outra ent\u00e3o ela tem todo o direito de tentar refazer sua vida nem que seja por despeito, pois precisa esquec\u00ea-lo de qualquer jeito. Ros\u00e1rio vai at\u00e9 a Universidade para saber o quanto \u201csupostamente\u201d Rubi est\u00e1 devendo. Ingrid se aproxima para humilh\u00e1-la. Rubi discute com a colega e aproveita para levar a m\u00e3e embora. Ros\u00e1rio diz \u00e0 filha que percebeu que ela aproveitou a confus\u00e3o para n\u00e3o permitir que fosse at\u00e9 a diretoria e diz j\u00e1 estar sabendo que o pai de Maribel pagou as mensalidades e o dinheiro que ela gastou todo o dinheiro que Cristina lhe deu em coisas pessoais. Toledo diz a Rubi que j\u00e1 percebeu que est\u00e1 interessada no noivo de Maribel e sugere que v\u00e1 ao litoral para se encontrar com ele. Rubi rouba as economias de dona Lola e depois procura Alessandro para por um ponto final no relacionamento dos dois.<\/p>\n<p>(*) edi\u00e7\u00e3o do SBT, Novela \u201cRubi\u201d, sujeito a altera\u00e7\u00e3o de data e conte\u00fado.<\/p>\n<p>Rubi \u00e9 uma telenovela mexicana produzida por Jos\u00e9 Alberto Castro para a Televisa e exibida pelo Canal de las Estrellas entre 17 de maio e 22 de outubro de 2004, sucedendo Amarte es mi pecado e antecedendo Apuesta por un amor em 115 capitulos de 40 minutos. Adaptada por Ximena Su\u00e1rez, \u00e9 um remake da telenovela mexicana Rubi, de 1968, criada por Yolanda Vargas Dulch\u00e9. Seis anos ap\u00f3s lan\u00e7amento de Rub\u00ed, a telenovela Teresa foi acusada de pl\u00e1gio. V\u00e1rios sites apontam semelhan\u00e7as entre as duas telenovelas. Barbara Mori, Eduardo Santamarina, Sebasti\u00e1n Rulli, Jacqueline Bracamontes, Manuel Landeta, Sergio Goyri, Carlos C\u00e1mara, Yadhira Carrillo, Miguel Pizarro, Jos\u00e9 El\u00edas Moreno, Luis Gatica, Paty D\u00edaz, Ingrid Martz e Ana Mart\u00edn interpretam os papeis principais da trama.<\/p>\n","protected":false},"excerpt":{"rendered":"<p>Resumo novela \u201cRubi\u201d 15\/02: no cap\u00edtulo 023(*) da novela \u201cRubi\u201d, quarta-feira, 15 de fevereiro, Heitor pergunta a Rubi por que reatou seu namoro com Alessandro se n\u00e3o sente nada por ele. Rubi responde que se o homem que ama vai se casar com outra ent\u00e3o ela tem todo o direito de tentar refazer sua vida [&hellip;]<\/p>\n","protected":false},"author":4,"featured_media":103954,"comment_status":"open","ping_status":"closed","sticky":false,"template":"","format":"standard","meta":{"tdm_status":"","tdm_grid_status":"","footnotes":""},"categories":[379,372,343],"tags":[441],"class_list":{"0":"post-106875","1":"post","2":"type-post","3":"status-publish","4":"format-standard","5":"has-post-thumbnail","7":"category-novelas","8":"category-sbt","9":"category-televisao","10":"tag-resumo-do-dia"},"_links":{"self":[{"href":"https:\/\/migracao.redenoticia.com.br\/noticia\/wp-json\/wp\/v2\/posts\/106875","targetHints":{"allow":["GET"]}}],"collection":[{"href":"https:\/\/migracao.redenoticia.com.br\/noticia\/wp-json\/wp\/v2\/posts"}],"about":[{"href":"https:\/\/migracao.redenoticia.com.br\/noticia\/wp-json\/wp\/v2\/types\/post"}],"author":[{"embeddable":true,"href":"https:\/\/migracao.redenoticia.com.br\/noticia\/wp-json\/wp\/v2\/users\/4"}],"replies":[{"embeddable":true,"href":"https:\/\/migracao.redenoticia.com.br\/noticia\/wp-json\/wp\/v2\/comments?post=106875"}],"version-history":[{"count":0,"href":"https:\/\/migracao.redenoticia.com.br\/noticia\/wp-json\/wp\/v2\/posts\/106875\/revisions"}],"wp:featuredmedia":[{"embeddable":true,"href":"https:\/\/migracao.redenoticia.com.br\/noticia\/wp-json\/wp\/v2\/media\/103954"}],"wp:attachment":[{"href":"https:\/\/migracao.redenoticia.com.br\/noticia\/wp-json\/wp\/v2\/media?parent=106875"}],"wp:term":[{"taxonomy":"category","embeddable":true,"href":"https:\/\/migracao.redenoticia.com.br\/noticia\/wp-json\/wp\/v2\/categories?post=106875"},{"taxonomy":"post_tag","embeddable":true,"href":"https:\/\/migracao.redenoticia.com.br\/noticia\/wp-json\/wp\/v2\/tags?post=106875"}],"curies":[{"name":"wp","href":"https:\/\/api.w.org\/{rel}","templated":true}]}}