{"id":1069,"date":"2009-05-01T10:50:51","date_gmt":"2009-05-01T14:50:51","guid":{"rendered":"http:\/\/www.redenoticia.com.br\/noticia\/?p=1069"},"modified":"2009-05-01T10:50:51","modified_gmt":"2009-05-01T14:50:51","slug":"inscricao-banco-do-brasil-ate-2405","status":"publish","type":"post","link":"https:\/\/migracao.redenoticia.com.br\/noticia\/2009\/inscricao-banco-do-brasil-ate-2405\/1069","title":{"rendered":"Inscri\u00e7\u00e3o Banco do Brasil at\u00e9 24\/05"},"content":{"rendered":"<p><span style=\"font-family: Arial;\">O <strong><span style=\"font-family: Arial;\">BANCO DO BRASIL<\/span><\/strong> S.A. torna p\u00fablica a realiza\u00e7\u00e3o de sele\u00e7\u00e3o externa regional para forma\u00e7\u00e3o de cadastro de reserva para provimento de vagas, no n\u00edvel inicial da Carreira Administrativa, no cargo de Escritur\u00e1rio, em Ag\u00eancias, Plataformas de Suporte Operacional e Centros de Servi\u00e7os de Suporte Operacional situados nos estados do Acre, do Amap\u00e1, do Amazonas, do Maranh\u00e3o, de Pernambuco, de Rond\u00f4nia e de Roraima e nas cidades de Afu\u00e1\/PA, de Almeirim\/PA e de Monte Dourado\/PA.<\/span><\/p>\n<p><span style=\"font-family: Arial;\">A inscri\u00e7\u00e3o poder\u00e1 ser realizada no endere\u00e7o eletr\u00f4nico www.cespe.unb.br\/concursos\/bb12009, solicitada no per\u00edodo entre 10 horas do dia 4 de maio de 2009 e 15 horas do dia 24 de maio de 2009, observado o hor\u00e1rio oficial de Bras\u00edlia\/DF.<\/span><\/p>\n<p><span style=\"font-family: Arial;\">Para os candidatos que n\u00e3o dispuserem de acesso \u00e0 Internet, o CESPE\/UnB disponibilizar\u00e1 locais com acesso \u00e0 Internet, em diversos locais (veja rela\u00e7\u00e3o no edital).<\/span><\/p>\n<p><span style=\"font-family: Arial;\">As provas objetivas ser\u00e3o realizadas, simultaneamente, nas cidades de Rio Branco\/AC, Cruzeiro do Sul\/AC, Tarauac\u00e1\/AC, Manaus\/AM, Parintins\/AM, S\u00e3o Gabriel da Cachoeira\/AM, Tef\u00e9\/AM, Tabatinga\/AM, Humait\u00e1\/AM, Macap\u00e1\/AP, S\u00e3o Lu\u00eds\/MA, Pinheiro\/MA, Bacabal\/MA, Imperatriz\/MA, Balsas\/MA, Presidente Dutra\/MA, Caxias\/MA, Chapadinha\/MA, Recife\/PE, Goiana\/PE, Jaboat\u00e3o dos Guararapes\/PE, Vit\u00f3ria de Santo Ant\u00e3o\/PE, Santa Cruz do Capibaribe\/PE, Caruaru\/PE, Garanhuns\/PE, Palmares\/PE, Serra Talhada\/PE, Petrolina\/PE, Porto Velho\/RO, Ji-Paran\u00e1\/RO, Vilhena\/RO e Boa Vista\/RR.<\/span><\/p>\n<p><span style=\"font-family: Arial;\">Os gabaritos oficiais preliminares das provas objetivas ser\u00e3o divulgados na Internet, no endere\u00e7o eletr\u00f4nico www.cespe.unb.br\/concursos\/bb12009, a partir das 19 horas da data prov\u00e1vel de 23 de junho de 2009.<\/span><\/p>\n<p><span style=\"font-family: Arial;\">O prazo de validade da sele\u00e7\u00e3o externa esgotar-se-\u00e1 ap\u00f3s um ano a contar da data de publica\u00e7\u00e3o de homologa\u00e7\u00e3o do resultado final, podendo ser prorrogado, uma \u00fanica vez, por igual per\u00edodo, a crit\u00e9rio exclusivo do BANCO DO BRASIL S.A.<\/span><\/p>\n","protected":false},"excerpt":{"rendered":"<p>O BANCO DO BRASIL S.A. torna p\u00fablica a realiza\u00e7\u00e3o de sele\u00e7\u00e3o externa regional para forma\u00e7\u00e3o de cadastro de reserva para provimento de vagas, no n\u00edvel inicial da Carreira Administrativa, no cargo de Escritur\u00e1rio, em Ag\u00eancias, Plataformas de Suporte Operacional e Centros de Servi\u00e7os de Suporte Operacional situados nos estados do Acre, do Amap\u00e1, do Amazonas, [&hellip;]<\/p>\n","protected":false},"author":3,"featured_media":0,"comment_status":"open","ping_status":"open","sticky":false,"template":"","format":"standard","meta":{"tdm_status":"","tdm_grid_status":"","footnotes":""},"categories":[22],"tags":[],"class_list":{"0":"post-1069","1":"post","2":"type-post","3":"status-publish","4":"format-standard","6":"category-brasil"},"_links":{"self":[{"href":"https:\/\/migracao.redenoticia.com.br\/noticia\/wp-json\/wp\/v2\/posts\/1069","targetHints":{"allow":["GET"]}}],"collection":[{"href":"https:\/\/migracao.redenoticia.com.br\/noticia\/wp-json\/wp\/v2\/posts"}],"about":[{"href":"https:\/\/migracao.redenoticia.com.br\/noticia\/wp-json\/wp\/v2\/types\/post"}],"author":[{"embeddable":true,"href":"https:\/\/migracao.redenoticia.com.br\/noticia\/wp-json\/wp\/v2\/users\/3"}],"replies":[{"embeddable":true,"href":"https:\/\/migracao.redenoticia.com.br\/noticia\/wp-json\/wp\/v2\/comments?post=1069"}],"version-history":[{"count":0,"href":"https:\/\/migracao.redenoticia.com.br\/noticia\/wp-json\/wp\/v2\/posts\/1069\/revisions"}],"wp:attachment":[{"href":"https:\/\/migracao.redenoticia.com.br\/noticia\/wp-json\/wp\/v2\/media?parent=1069"}],"wp:term":[{"taxonomy":"category","embeddable":true,"href":"https:\/\/migracao.redenoticia.com.br\/noticia\/wp-json\/wp\/v2\/categories?post=1069"},{"taxonomy":"post_tag","embeddable":true,"href":"https:\/\/migracao.redenoticia.com.br\/noticia\/wp-json\/wp\/v2\/tags?post=1069"}],"curies":[{"name":"wp","href":"https:\/\/api.w.org\/{rel}","templated":true}]}}