{"id":106910,"date":"2017-02-15T01:06:39","date_gmt":"2017-02-15T03:06:39","guid":{"rendered":"http:\/\/www.redenoticia.com.br\/noticia\/?p=106910"},"modified":"2017-02-14T20:48:00","modified_gmt":"2017-02-14T22:48:00","slug":"belo-horizonte-interdita-parque-apos-suspeita-de-febre-amarela-em-macaco-morto","status":"publish","type":"post","link":"https:\/\/migracao.redenoticia.com.br\/noticia\/2017\/belo-horizonte-interdita-parque-apos-suspeita-de-febre-amarela-em-macaco-morto\/106910","title":{"rendered":"Belo Horizonte interdita parque ap\u00f3s suspeita de febre amarela em macaco morto"},"content":{"rendered":"<p> A prefeitura de Belo Horizonte anunciou a interdi\u00e7\u00e3o do Parque Jacques Cousteau ap\u00f3s encontrar um macaco morto no local. Foram coletadas amostras de material biol\u00f3gico para analisar se o animal tinha <strong><em>febre amarela<\/em><\/strong>. O parque fica no bairro Bet\u00e2nica, na regi\u00e3o oeste da capital mineira. No seu entorno, tamb\u00e9m foram realizadas a\u00e7\u00f5es de zoonose para eliminar focos do mosquito Aedes aegypti, que pode transmitir a doen\u00e7a em \u00e1reas urbanas.<\/p>\n<p>Este \u00e9 o terceiro macaco encontrado morto em Belo Horizonte. Um deles teve diagn\u00f3stico positivo para febre amarela. At\u00e9 o momento, n\u00e3o h\u00e1 registro de nenhum humano infectado na capital mineira. No entanto, em todo o estado de Minas Gerais, j\u00e1 s\u00e3o 991 notifica\u00e7\u00f5es, das quais 198 foram confirmadas e 57 foram descartadas. As demais seguem sob an\u00e1lise.<\/p>\n<p>Diante do surgimento dos primatas mortos, a Secretaria de Sa\u00fade de Belo Horizonte vai refor\u00e7ar a vacina\u00e7\u00e3o contra a febre amarela na capital. Ser\u00e1 instalado um posto extra para atender \u00e0 popula\u00e7\u00e3o na regi\u00e3o oeste da cidade. Novos postos para a imuniza\u00e7\u00e3o tamb\u00e9m ser\u00e3o criados nas regi\u00f5es de Barreiro, Pampulha e Venda Nova. As medidas pretendem reduzir a sobrecarga nos 150 centros de sa\u00fade da capital mineira.<\/p>\n<p>Boletim da Secretaria de Sa\u00fade de Minas Gerais mostra que o n\u00famero de mortes suspeitas da doen\u00e7a notificadas j\u00e1 chega a 169 no estado. Dessas, 69 foram confirmadas. Ao todo, 39 munic\u00edpios mineiros t\u00eam casos confirmados de febre amarela e em 75 h\u00e1 pacientes com suspeita.<\/p>\n<p>Todos os casos confirmados at\u00e9 o momento s\u00e3o considerados de transmiss\u00e3o silvestre, ou seja, transmitido pelo mosquito Haemagogus. Embora o Aedes aegypti possa atuar como vetor do v\u00edrus da febre amarela em cidades, n\u00e3o h\u00e1 evid\u00eancias de que isto tenha ocorrido no atual surto. O \u00faltimo registro de transmiss\u00e3o urbana da doen\u00e7a no Brasil, segundo o Minist\u00e9rio da Sa\u00fade, \u00e9 de 1942.<\/p>\n<p>Macacos<\/p>\n<p>De acordo com a secretaria de Sa\u00fade mineira, 65 munic\u00edpios j\u00e1 confirmaram mortes de macacos por febre amarela e outros 27 analisam \u00f3bitos suspeitos. Al\u00e9m disso, 96 munic\u00edpios investigam rumores de morte de macacos.<\/p>\n<p>L\u00e9o Rodrigues &#8211; Correspondente da Ag\u00eancia Brasil<br \/>\nEdi\u00e7\u00e3o: Luana Louren\u00e7o<br \/>\n15\/02\/2017<\/p>\n","protected":false},"excerpt":{"rendered":"<p>A prefeitura de Belo Horizonte anunciou a interdi\u00e7\u00e3o do Parque Jacques Cousteau ap\u00f3s encontrar um macaco morto no local. Foram coletadas amostras de material biol\u00f3gico para analisar se o animal tinha febre amarela. O parque fica no bairro Bet\u00e2nica, na regi\u00e3o oeste da capital mineira. No seu entorno, tamb\u00e9m foram realizadas a\u00e7\u00f5es de zoonose para [&hellip;]<\/p>\n","protected":false},"author":2,"featured_media":37377,"comment_status":"open","ping_status":"closed","sticky":false,"template":"","format":"standard","meta":{"tdm_status":"","tdm_grid_status":"","footnotes":""},"categories":[22,5],"tags":[],"class_list":{"0":"post-106910","1":"post","2":"type-post","3":"status-publish","4":"format-standard","5":"has-post-thumbnail","7":"category-brasil","8":"category-saude-e-vida"},"_links":{"self":[{"href":"https:\/\/migracao.redenoticia.com.br\/noticia\/wp-json\/wp\/v2\/posts\/106910","targetHints":{"allow":["GET"]}}],"collection":[{"href":"https:\/\/migracao.redenoticia.com.br\/noticia\/wp-json\/wp\/v2\/posts"}],"about":[{"href":"https:\/\/migracao.redenoticia.com.br\/noticia\/wp-json\/wp\/v2\/types\/post"}],"author":[{"embeddable":true,"href":"https:\/\/migracao.redenoticia.com.br\/noticia\/wp-json\/wp\/v2\/users\/2"}],"replies":[{"embeddable":true,"href":"https:\/\/migracao.redenoticia.com.br\/noticia\/wp-json\/wp\/v2\/comments?post=106910"}],"version-history":[{"count":0,"href":"https:\/\/migracao.redenoticia.com.br\/noticia\/wp-json\/wp\/v2\/posts\/106910\/revisions"}],"wp:featuredmedia":[{"embeddable":true,"href":"https:\/\/migracao.redenoticia.com.br\/noticia\/wp-json\/wp\/v2\/media\/37377"}],"wp:attachment":[{"href":"https:\/\/migracao.redenoticia.com.br\/noticia\/wp-json\/wp\/v2\/media?parent=106910"}],"wp:term":[{"taxonomy":"category","embeddable":true,"href":"https:\/\/migracao.redenoticia.com.br\/noticia\/wp-json\/wp\/v2\/categories?post=106910"},{"taxonomy":"post_tag","embeddable":true,"href":"https:\/\/migracao.redenoticia.com.br\/noticia\/wp-json\/wp\/v2\/tags?post=106910"}],"curies":[{"name":"wp","href":"https:\/\/api.w.org\/{rel}","templated":true}]}}