{"id":106999,"date":"2017-02-16T01:01:43","date_gmt":"2017-02-16T03:01:43","guid":{"rendered":"http:\/\/www.redenoticia.com.br\/noticia\/?p=106999"},"modified":"2017-02-15T22:38:40","modified_gmt":"2017-02-16T00:38:40","slug":"ciee-abre-inscricoes-para-processo-seletivo","status":"publish","type":"post","link":"https:\/\/migracao.redenoticia.com.br\/noticia\/2017\/ciee-abre-inscricoes-para-processo-seletivo\/106999","title":{"rendered":"CIEE abre inscri\u00e7\u00f5es para processo seletivo"},"content":{"rendered":"<p> Estudantes do primeiro ao pen\u00faltimo semestre do ensino m\u00e9dio, t\u00e9cnico ou superior podem concorrer a vagas em \u00f3rg\u00e3os p\u00fablicos do Estado de SP. Uma boa not\u00edcia para quem est\u00e1 cursando do primeiro ao pen\u00faltimo semestre do ensino m\u00e9dio, t\u00e9cnico ou superior: o CIEE (Centro de Integra\u00e7\u00e3o Empresa-Escola) est\u00e1 com inscri\u00e7\u00f5es abertas para o processo seletivo de <em><strong>est\u00e1gio<\/strong><\/em> em \u00f3rg\u00e3os e entidades do Governo do Estado de SP.<\/p>\n<p>Os alunos\u00a0selecionados que forem aprovados v\u00e3o receber bolsa-sal\u00e1rio no valor de R$ 300 a R$ 1.009, com direito a aux\u00edlio-transporte. A carga hor\u00e1ria \u00e9 de quatro a seis horas di\u00e1rias.<\/p>\n<p>As inscri\u00e7\u00f5es devem ser feitas no  do CIEE, desde quarta-feira (15) at\u00e9 1\u00ba de mar\u00e7o.<\/p>\n<p>Do Portal do Governo SP<\/p>\n","protected":false},"excerpt":{"rendered":"<p>Estudantes do primeiro ao pen\u00faltimo semestre do ensino m\u00e9dio, t\u00e9cnico ou superior podem concorrer a vagas em \u00f3rg\u00e3os p\u00fablicos do Estado de SP. Uma boa not\u00edcia para quem est\u00e1 cursando do primeiro ao pen\u00faltimo semestre do ensino m\u00e9dio, t\u00e9cnico ou superior: o CIEE (Centro de Integra\u00e7\u00e3o Empresa-Escola) est\u00e1 com inscri\u00e7\u00f5es abertas para o processo seletivo [&hellip;]<\/p>\n","protected":false},"author":2,"featured_media":34817,"comment_status":"open","ping_status":"closed","sticky":false,"template":"","format":"standard","meta":{"tdm_status":"","tdm_grid_status":"","footnotes":""},"categories":[22,370,353],"tags":[],"class_list":{"0":"post-106999","1":"post","2":"type-post","3":"status-publish","4":"format-standard","5":"has-post-thumbnail","7":"category-brasil","8":"category-inscricao","9":"category-oportunidades"},"_links":{"self":[{"href":"https:\/\/migracao.redenoticia.com.br\/noticia\/wp-json\/wp\/v2\/posts\/106999","targetHints":{"allow":["GET"]}}],"collection":[{"href":"https:\/\/migracao.redenoticia.com.br\/noticia\/wp-json\/wp\/v2\/posts"}],"about":[{"href":"https:\/\/migracao.redenoticia.com.br\/noticia\/wp-json\/wp\/v2\/types\/post"}],"author":[{"embeddable":true,"href":"https:\/\/migracao.redenoticia.com.br\/noticia\/wp-json\/wp\/v2\/users\/2"}],"replies":[{"embeddable":true,"href":"https:\/\/migracao.redenoticia.com.br\/noticia\/wp-json\/wp\/v2\/comments?post=106999"}],"version-history":[{"count":0,"href":"https:\/\/migracao.redenoticia.com.br\/noticia\/wp-json\/wp\/v2\/posts\/106999\/revisions"}],"wp:featuredmedia":[{"embeddable":true,"href":"https:\/\/migracao.redenoticia.com.br\/noticia\/wp-json\/wp\/v2\/media\/34817"}],"wp:attachment":[{"href":"https:\/\/migracao.redenoticia.com.br\/noticia\/wp-json\/wp\/v2\/media?parent=106999"}],"wp:term":[{"taxonomy":"category","embeddable":true,"href":"https:\/\/migracao.redenoticia.com.br\/noticia\/wp-json\/wp\/v2\/categories?post=106999"},{"taxonomy":"post_tag","embeddable":true,"href":"https:\/\/migracao.redenoticia.com.br\/noticia\/wp-json\/wp\/v2\/tags?post=106999"}],"curies":[{"name":"wp","href":"https:\/\/api.w.org\/{rel}","templated":true}]}}