{"id":107009,"date":"2017-02-16T01:06:29","date_gmt":"2017-02-16T03:06:29","guid":{"rendered":"http:\/\/www.redenoticia.com.br\/noticia\/?p=107009"},"modified":"2017-02-15T22:44:20","modified_gmt":"2017-02-16T00:44:20","slug":"febre-amarela-tome-a-vacina-caso-viaje-para-areas-de-risco-no-carnaval","status":"publish","type":"post","link":"https:\/\/migracao.redenoticia.com.br\/noticia\/2017\/febre-amarela-tome-a-vacina-caso-viaje-para-areas-de-risco-no-carnaval\/107009","title":{"rendered":"Febre amarela: tome a vacina caso viaje para \u00e1reas de risco no Carnaval"},"content":{"rendered":"<p> Quem vai viajar para alguma \u00e1rea de risco durante o feriado de Carnaval precisa redobrar os\u00a0cuidados e se prevenir contra a <em><strong>febre amarela<\/strong><\/em>. Por conta disso, a Secretaria de Estado da Sa\u00fade de S\u00e3o Paulo recomenda a aplica\u00e7\u00e3o da vacina nos foli\u00f5es que v\u00e3o para regi\u00f5es silvestres, rurais, de mata e ribeirinhas.<\/p>\n<p>A vacina contra a febre amarela\u00a0deve ser tomada com 10 dias de anteced\u00eancia da viagem. Atualmente, a imuniza\u00e7\u00e3o \u00e9 destinada especificamente para quem mora ou viaja para \u00e1reas de risco\u00a0(confira  os munic\u00edpios apontados\u00a0pelo Minist\u00e9rio da Sa\u00fade como de risco).<\/p>\n<p>Vale lembrar que vacina contra a febre\u00a0amarela\u00a0\u00e9 elaborada com o v\u00edrus vivo atenuado e tem efic\u00e1cia superior a 90%.<\/p>\n<p>Quem pode tomar?<br \/>\n\u2013 \u00a0A vacina pode ser aplicada a partir de nove meses de idade;<br \/>\n\u2013 Adultos e crian\u00e7as com idade superior a cinco anos j\u00e1 vacinados tamb\u00e9m precisam tomar um refor\u00e7o \u00fanico, dez anos ap\u00f3s a primeira dose;<br \/>\n\u2013 A imuniza\u00e7\u00e3o n\u00e3o \u00e9 indicada para gestantes, mulheres amamentando crian\u00e7as com at\u00e9 seis meses e pessoas imunodeprimidas;<br \/>\n\u2013 Em S\u00e3o Paulo, a vacina \u00e9 indicada para moradores de 455 cidades.<\/p>\n<p>Do Portal do Governo SP<\/p>\n","protected":false},"excerpt":{"rendered":"<p>Quem vai viajar para alguma \u00e1rea de risco durante o feriado de Carnaval precisa redobrar os\u00a0cuidados e se prevenir contra a febre amarela. Por conta disso, a Secretaria de Estado da Sa\u00fade de S\u00e3o Paulo recomenda a aplica\u00e7\u00e3o da vacina nos foli\u00f5es que v\u00e3o para regi\u00f5es silvestres, rurais, de mata e ribeirinhas. A vacina contra [&hellip;]<\/p>\n","protected":false},"author":2,"featured_media":34747,"comment_status":"open","ping_status":"closed","sticky":false,"template":"","format":"standard","meta":{"tdm_status":"","tdm_grid_status":"","footnotes":""},"categories":[22,5],"tags":[],"class_list":{"0":"post-107009","1":"post","2":"type-post","3":"status-publish","4":"format-standard","5":"has-post-thumbnail","7":"category-brasil","8":"category-saude-e-vida"},"_links":{"self":[{"href":"https:\/\/migracao.redenoticia.com.br\/noticia\/wp-json\/wp\/v2\/posts\/107009","targetHints":{"allow":["GET"]}}],"collection":[{"href":"https:\/\/migracao.redenoticia.com.br\/noticia\/wp-json\/wp\/v2\/posts"}],"about":[{"href":"https:\/\/migracao.redenoticia.com.br\/noticia\/wp-json\/wp\/v2\/types\/post"}],"author":[{"embeddable":true,"href":"https:\/\/migracao.redenoticia.com.br\/noticia\/wp-json\/wp\/v2\/users\/2"}],"replies":[{"embeddable":true,"href":"https:\/\/migracao.redenoticia.com.br\/noticia\/wp-json\/wp\/v2\/comments?post=107009"}],"version-history":[{"count":0,"href":"https:\/\/migracao.redenoticia.com.br\/noticia\/wp-json\/wp\/v2\/posts\/107009\/revisions"}],"wp:featuredmedia":[{"embeddable":true,"href":"https:\/\/migracao.redenoticia.com.br\/noticia\/wp-json\/wp\/v2\/media\/34747"}],"wp:attachment":[{"href":"https:\/\/migracao.redenoticia.com.br\/noticia\/wp-json\/wp\/v2\/media?parent=107009"}],"wp:term":[{"taxonomy":"category","embeddable":true,"href":"https:\/\/migracao.redenoticia.com.br\/noticia\/wp-json\/wp\/v2\/categories?post=107009"},{"taxonomy":"post_tag","embeddable":true,"href":"https:\/\/migracao.redenoticia.com.br\/noticia\/wp-json\/wp\/v2\/tags?post=107009"}],"curies":[{"name":"wp","href":"https:\/\/api.w.org\/{rel}","templated":true}]}}