{"id":107074,"date":"2017-02-16T16:25:07","date_gmt":"2017-02-16T18:25:07","guid":{"rendered":"http:\/\/www.redenoticia.com.br\/noticia\/?p=107074"},"modified":"2017-02-16T17:33:42","modified_gmt":"2017-02-16T19:33:42","slug":"resumo-novela-querida-inimiga-1702-sara-mata-lalo","status":"publish","type":"post","link":"https:\/\/migracao.redenoticia.com.br\/noticia\/2017\/resumo-novela-querida-inimiga-1702-sara-mata-lalo\/107074","title":{"rendered":"Resumo novela \u201cQuerida Inimiga\u201d 17\/02: Sara mata Lalo"},"content":{"rendered":"<p><img loading=\"lazy\" decoding=\"async\" class=\"alignleft size-thumbnail wp-image-99744\" src=\"https:\/\/migracao.redenoticia.com.br\/noticia\/imagens\/querida_inimiga_resumo_novela_SBT-150x112.jpg\" alt=\"querida_inimiga_resumo_novela_sbt\" width=\"150\" height=\"112\" srcset=\"https:\/\/migracao.redenoticia.com.br\/noticia\/imagens\/querida_inimiga_resumo_novela_SBT-150x112.jpg 150w, https:\/\/migracao.redenoticia.com.br\/noticia\/imagens\/querida_inimiga_resumo_novela_SBT-265x198.jpg 265w\" sizes=\"auto, (max-width: 150px) 100vw, 150px\" \/><strong><em>Resumo novela \u201cQuerida Inimiga\u201d 17\/02<\/em><\/strong>: no cap\u00edtulo 068(*) da novela \u201cQuerida Inimiga\u201d, sexta-feira, 17 de fevereiro, Lalo e Sara se veem para que ela o entregue o dinheiro. Sara coloca uma droga no suco de Lalo. Ele toma e sofre uma convuls\u00e3o. Lalo \u00e9 levado para o hospital, mas n\u00e3o resiste e acaba morrendo nos bra\u00e7os de B\u00e1rbara. Ernesto \u00e9 informado que Lorena est\u00e1 em S\u00e3o Martin e pensa em ir at\u00e9 l\u00e1. Lorena n\u00e3o sabe nada a respeito. Vasco chega a uma reserva onde colocar\u00e1 em liberdade alguns p\u00e1ssaros. Ao chegar ao local indicado, se d\u00e1 conta que desmataram muito a reserva. Vasco se queixa e o encarregado do local diz para ele n\u00e3o insistir no assunto, sen\u00e3o vai se meter em muitos problemas. A situa\u00e7\u00e3o se torna mais dif\u00edcil para Diana, pois os maus tratos de Bruno s\u00e3o cada vez mais recorrentes. Quando Lorena diz a Alonso que est\u00e1 muito sentida e que nunca poder\u00e1 perdoar Sara, ele a abra\u00e7a. Neste momento chega Ernesto e os v\u00ea.<\/p>\n<p>(*) edi\u00e7\u00e3o do SBT, Novela \u201cQuerida Inimiga\u201d, sujeito a altera\u00e7\u00e3o de data e conte\u00fado.<\/p>\n<p>Querida enemiga (no Brasil, Querida Inimiga ) \u00e9 uma telenovela mexicana produzida por Lucero Su\u00e1rez para a Televisa e exibida pelo Canal de las Estrellas entre 12 de maio e 10 de outubro de 2008, substituindo Palabra de mujer e sendo substitu\u00edda por En nombre del amor, em 110 cap\u00edtulos. A trama teve Ana Layevska, Gabriel Soto, Jorge Aravena, Mar\u00eda Rubio, Carmen Becerra, Marco M\u00e9ndez, Miguel \u00c1ngel Biaggio, Socorro Bonilla, Alfonso Iturralde, Luz Mar\u00eda Jerez e Luis Xavier nos papeis principais.<\/p>\n","protected":false},"excerpt":{"rendered":"<p>Resumo novela \u201cQuerida Inimiga\u201d 17\/02: no cap\u00edtulo 068(*) da novela \u201cQuerida Inimiga\u201d, sexta-feira, 17 de fevereiro, Lalo e Sara se veem para que ela o entregue o dinheiro. Sara coloca uma droga no suco de Lalo. Ele toma e sofre uma convuls\u00e3o. Lalo \u00e9 levado para o hospital, mas n\u00e3o resiste e acaba morrendo nos [&hellip;]<\/p>\n","protected":false},"author":4,"featured_media":99744,"comment_status":"open","ping_status":"closed","sticky":false,"template":"","format":"standard","meta":{"tdm_status":"","tdm_grid_status":"","footnotes":""},"categories":[379,372,343],"tags":[441],"class_list":{"0":"post-107074","1":"post","2":"type-post","3":"status-publish","4":"format-standard","5":"has-post-thumbnail","7":"category-novelas","8":"category-sbt","9":"category-televisao","10":"tag-resumo-do-dia"},"_links":{"self":[{"href":"https:\/\/migracao.redenoticia.com.br\/noticia\/wp-json\/wp\/v2\/posts\/107074","targetHints":{"allow":["GET"]}}],"collection":[{"href":"https:\/\/migracao.redenoticia.com.br\/noticia\/wp-json\/wp\/v2\/posts"}],"about":[{"href":"https:\/\/migracao.redenoticia.com.br\/noticia\/wp-json\/wp\/v2\/types\/post"}],"author":[{"embeddable":true,"href":"https:\/\/migracao.redenoticia.com.br\/noticia\/wp-json\/wp\/v2\/users\/4"}],"replies":[{"embeddable":true,"href":"https:\/\/migracao.redenoticia.com.br\/noticia\/wp-json\/wp\/v2\/comments?post=107074"}],"version-history":[{"count":0,"href":"https:\/\/migracao.redenoticia.com.br\/noticia\/wp-json\/wp\/v2\/posts\/107074\/revisions"}],"wp:featuredmedia":[{"embeddable":true,"href":"https:\/\/migracao.redenoticia.com.br\/noticia\/wp-json\/wp\/v2\/media\/99744"}],"wp:attachment":[{"href":"https:\/\/migracao.redenoticia.com.br\/noticia\/wp-json\/wp\/v2\/media?parent=107074"}],"wp:term":[{"taxonomy":"category","embeddable":true,"href":"https:\/\/migracao.redenoticia.com.br\/noticia\/wp-json\/wp\/v2\/categories?post=107074"},{"taxonomy":"post_tag","embeddable":true,"href":"https:\/\/migracao.redenoticia.com.br\/noticia\/wp-json\/wp\/v2\/tags?post=107074"}],"curies":[{"name":"wp","href":"https:\/\/api.w.org\/{rel}","templated":true}]}}