{"id":107076,"date":"2017-02-16T15:25:24","date_gmt":"2017-02-16T17:25:24","guid":{"rendered":"http:\/\/www.redenoticia.com.br\/noticia\/?p=107076"},"modified":"2017-02-16T17:32:35","modified_gmt":"2017-02-16T19:32:35","slug":"resumo-novela-rubi-1702-rubi-finge-encontro-casual-com-heitor","status":"publish","type":"post","link":"https:\/\/migracao.redenoticia.com.br\/noticia\/2017\/resumo-novela-rubi-1702-rubi-finge-encontro-casual-com-heitor\/107076","title":{"rendered":"Resumo novela \u201cRubi\u201d 17\/02: Rubi finge encontro casual com Heitor"},"content":{"rendered":"<p><img loading=\"lazy\" decoding=\"async\" class=\"alignleft size-thumbnail wp-image-103954\" src=\"https:\/\/migracao.redenoticia.com.br\/noticia\/imagens\/rubi-resumo-novela-capitulo-sbt-150x112.jpg\" alt=\"\" width=\"150\" height=\"112\" \/><strong><em>Resumo novela \u201cRubi\u201d 17\/02<\/em><\/strong>: no cap\u00edtulo 025(*) da novela \u201cRubi\u201d, sexta-feira, 17 de fevereiro, Heitor diz a Genaro que lamenta muito que a mulher que Alessandro ama tenha se apaixonado por ele. Rubi finge um encontro casual com Heitor e diz a Paco e Lorena que n\u00e3o poder\u00e1 almo\u00e7ar com eles por que ter\u00e1 que ajudar Heitor a resolver um problema. Rubi seduz Heitor com seus beijos e car\u00edcias, diz que terminou seu namoro com Alessandro por que n\u00e3o podia continuar mentindo e pede a ele que n\u00e3o se case com Maribel. Cristina agradece a Maribel e Artur por terem lhe dado um emprego. Maribel estranha quando Cristina comenta com ela que Rubi foi a Vale Bravo para fazer um trabalho da faculdade. Maribel pergunta a Rubi como \u00e9 poss\u00edvel que ela d\u00ea tanta import\u00e2ncia ao dinheiro a ponto de abandonar um homem como Alessandro s\u00f3 por que \u00e9 pobre. Rubi, furiosa, diz \u00e0 m\u00e3e que dona Lola a est\u00e1 acusando de ter roubado suas economias. Ros\u00e1rio diz \u00e0 filha que quer revistar sua bolsa.<\/p>\n<p>(*) edi\u00e7\u00e3o do SBT, Novela \u201cRubi\u201d, sujeito a altera\u00e7\u00e3o de data e conte\u00fado.<\/p>\n<p>Rubi \u00e9 uma telenovela mexicana produzida por Jos\u00e9 Alberto Castro para a Televisa e exibida pelo Canal de las Estrellas entre 17 de maio e 22 de outubro de 2004, sucedendo Amarte es mi pecado e antecedendo Apuesta por un amor em 115 capitulos de 40 minutos. Adaptada por Ximena Su\u00e1rez, \u00e9 um remake da telenovela mexicana Rubi, de 1968, criada por Yolanda Vargas Dulch\u00e9. Seis anos ap\u00f3s lan\u00e7amento de Rub\u00ed, a telenovela Teresa foi acusada de pl\u00e1gio. V\u00e1rios sites apontam semelhan\u00e7as entre as duas telenovelas. Barbara Mori, Eduardo Santamarina, Sebasti\u00e1n Rulli, Jacqueline Bracamontes, Manuel Landeta, Sergio Goyri, Carlos C\u00e1mara, Yadhira Carrillo, Miguel Pizarro, Jos\u00e9 El\u00edas Moreno, Luis Gatica, Paty D\u00edaz, Ingrid Martz e Ana Mart\u00edn interpretam os papeis principais da trama.<\/p>\n","protected":false},"excerpt":{"rendered":"<p>Resumo novela \u201cRubi\u201d 17\/02: no cap\u00edtulo 025(*) da novela \u201cRubi\u201d, sexta-feira, 17 de fevereiro, Heitor diz a Genaro que lamenta muito que a mulher que Alessandro ama tenha se apaixonado por ele. Rubi finge um encontro casual com Heitor e diz a Paco e Lorena que n\u00e3o poder\u00e1 almo\u00e7ar com eles por que ter\u00e1 que [&hellip;]<\/p>\n","protected":false},"author":4,"featured_media":103954,"comment_status":"open","ping_status":"closed","sticky":false,"template":"","format":"standard","meta":{"tdm_status":"","tdm_grid_status":"","footnotes":""},"categories":[379,372,343],"tags":[441],"class_list":{"0":"post-107076","1":"post","2":"type-post","3":"status-publish","4":"format-standard","5":"has-post-thumbnail","7":"category-novelas","8":"category-sbt","9":"category-televisao","10":"tag-resumo-do-dia"},"_links":{"self":[{"href":"https:\/\/migracao.redenoticia.com.br\/noticia\/wp-json\/wp\/v2\/posts\/107076","targetHints":{"allow":["GET"]}}],"collection":[{"href":"https:\/\/migracao.redenoticia.com.br\/noticia\/wp-json\/wp\/v2\/posts"}],"about":[{"href":"https:\/\/migracao.redenoticia.com.br\/noticia\/wp-json\/wp\/v2\/types\/post"}],"author":[{"embeddable":true,"href":"https:\/\/migracao.redenoticia.com.br\/noticia\/wp-json\/wp\/v2\/users\/4"}],"replies":[{"embeddable":true,"href":"https:\/\/migracao.redenoticia.com.br\/noticia\/wp-json\/wp\/v2\/comments?post=107076"}],"version-history":[{"count":0,"href":"https:\/\/migracao.redenoticia.com.br\/noticia\/wp-json\/wp\/v2\/posts\/107076\/revisions"}],"wp:featuredmedia":[{"embeddable":true,"href":"https:\/\/migracao.redenoticia.com.br\/noticia\/wp-json\/wp\/v2\/media\/103954"}],"wp:attachment":[{"href":"https:\/\/migracao.redenoticia.com.br\/noticia\/wp-json\/wp\/v2\/media?parent=107076"}],"wp:term":[{"taxonomy":"category","embeddable":true,"href":"https:\/\/migracao.redenoticia.com.br\/noticia\/wp-json\/wp\/v2\/categories?post=107076"},{"taxonomy":"post_tag","embeddable":true,"href":"https:\/\/migracao.redenoticia.com.br\/noticia\/wp-json\/wp\/v2\/tags?post=107076"}],"curies":[{"name":"wp","href":"https:\/\/api.w.org\/{rel}","templated":true}]}}