{"id":107099,"date":"2017-02-16T17:54:09","date_gmt":"2017-02-16T19:54:09","guid":{"rendered":"http:\/\/www.redenoticia.com.br\/noticia\/?p=107099"},"modified":"2017-02-16T20:56:22","modified_gmt":"2017-02-16T22:56:22","slug":"resumo-novela-cheias-de-charme-1702-elano-e-kleiton-promovem-campanha","status":"publish","type":"post","link":"https:\/\/migracao.redenoticia.com.br\/noticia\/2017\/resumo-novela-cheias-de-charme-1702-elano-e-kleiton-promovem-campanha\/107099","title":{"rendered":"Resumo novela \u201cCheias de Charme\u201d 17\/02: Elano e Kleiton promovem campanha"},"content":{"rendered":"<p><img loading=\"lazy\" decoding=\"async\" class=\"alignleft size-thumbnail wp-image-95548\" src=\"https:\/\/migracao.redenoticia.com.br\/noticia\/imagens\/cheias-de-charme-novela-globo-internacional-resumo-proximo-capitulo-150x112.jpg\" alt=\"cheias-de-charme-novela-globo-internacional-resumo-proximo-capitulo\" width=\"150\" height=\"112\" \/><strong><em>Resumo novela \u201cCheias de Charme\u201d 17\/02<\/em><\/strong>: no cap\u00edtulo 110(*) da novela \u201cCheias de Charme\u201d, sexta-feira, 17 de fevereiro, Ros\u00e1rio, Penha e Cida n\u00e3o conseguem se entender. Socorro conta para Chayene que as Empreguetes se separaram. A not\u00edcia do rompimento do grupo se espalha rapidamente. Gentil marca uma entrevista com as Empreguetes para falar da separa\u00e7\u00e3o. Elano, Stela e Kleiton promovem uma campanha para impedir que o grupo se separe.Conrado tenta disfar\u00e7ar a decep\u00e7\u00e3o ao saber que Cida n\u00e3o ser\u00e1 mais uma celebridade. Gilson tenta ajudar Samuel em rela\u00e7\u00e3o ao vestibular. Dinha pergunta se In\u00e1cio vai reatar com Ros\u00e1rio com o fim das Empreguetes. Cida e Conrado esbarram com Stela e Elano. Gilson pede para conversar com Lygia sobre Samuel. Penha e Cida chegam \u00e0 casa de Ros\u00e1rio e s\u00e3o hostis umas com as outras. Kleiton e Elano divulgam a campanha durante a entrevista com Gentil.<\/p>\n<p>(*) edi\u00e7\u00e3o da Rede Globo, Novela \u201cCheias de Charme\u201d, sujeito a altera\u00e7\u00e3o de data e conte\u00fado.<\/p>\n<p>Cheias de Charme \u00e9 uma telenovela brasileira produzida e exibida pela Rede Globo. Escrita por Filipe Miguez e Izabel de Oliveira, com colabora\u00e7\u00e3o de Daisy Chaves, Isabel Muniz, Jo\u00e3o Brand\u00e3o, Lais Mendes Pimentel, Paula Amaral e S\u00e9rgio Marques, contou com a supervis\u00e3o de texto de Ricardo Linhares e dire\u00e7\u00e3o de Allan Fiterman, Maria de M\u00e9dicis, Nat\u00e1lia Grimberg e Denise Saraceni. Dire\u00e7\u00e3o geral de Carlos Ara\u00fajo e dire\u00e7\u00e3o de n\u00facleo de Denise Saraceni. Contou com as participa\u00e7\u00f5es de Ta\u00eds Ara\u00fajo, Cl\u00e1udia Abreu, Leandra Leal, Isabelle Drummond, Ricardo Tozzi, Malu Galli, Marcos Palmeira e Jonatas Faro.<\/p>\n","protected":false},"excerpt":{"rendered":"<p>Resumo novela \u201cCheias de Charme\u201d 17\/02: no cap\u00edtulo 110(*) da novela \u201cCheias de Charme\u201d, sexta-feira, 17 de fevereiro, Ros\u00e1rio, Penha e Cida n\u00e3o conseguem se entender. Socorro conta para Chayene que as Empreguetes se separaram. A not\u00edcia do rompimento do grupo se espalha rapidamente. Gentil marca uma entrevista com as Empreguetes para falar da separa\u00e7\u00e3o. [&hellip;]<\/p>\n","protected":false},"author":2,"featured_media":95548,"comment_status":"open","ping_status":"closed","sticky":false,"template":"","format":"standard","meta":{"tdm_status":"","tdm_grid_status":"","footnotes":""},"categories":[379,375,343],"tags":[441],"class_list":{"0":"post-107099","1":"post","2":"type-post","3":"status-publish","4":"format-standard","5":"has-post-thumbnail","7":"category-novelas","8":"category-rede-globo","9":"category-televisao","10":"tag-resumo-do-dia"},"_links":{"self":[{"href":"https:\/\/migracao.redenoticia.com.br\/noticia\/wp-json\/wp\/v2\/posts\/107099","targetHints":{"allow":["GET"]}}],"collection":[{"href":"https:\/\/migracao.redenoticia.com.br\/noticia\/wp-json\/wp\/v2\/posts"}],"about":[{"href":"https:\/\/migracao.redenoticia.com.br\/noticia\/wp-json\/wp\/v2\/types\/post"}],"author":[{"embeddable":true,"href":"https:\/\/migracao.redenoticia.com.br\/noticia\/wp-json\/wp\/v2\/users\/2"}],"replies":[{"embeddable":true,"href":"https:\/\/migracao.redenoticia.com.br\/noticia\/wp-json\/wp\/v2\/comments?post=107099"}],"version-history":[{"count":0,"href":"https:\/\/migracao.redenoticia.com.br\/noticia\/wp-json\/wp\/v2\/posts\/107099\/revisions"}],"wp:featuredmedia":[{"embeddable":true,"href":"https:\/\/migracao.redenoticia.com.br\/noticia\/wp-json\/wp\/v2\/media\/95548"}],"wp:attachment":[{"href":"https:\/\/migracao.redenoticia.com.br\/noticia\/wp-json\/wp\/v2\/media?parent=107099"}],"wp:term":[{"taxonomy":"category","embeddable":true,"href":"https:\/\/migracao.redenoticia.com.br\/noticia\/wp-json\/wp\/v2\/categories?post=107099"},{"taxonomy":"post_tag","embeddable":true,"href":"https:\/\/migracao.redenoticia.com.br\/noticia\/wp-json\/wp\/v2\/tags?post=107099"}],"curies":[{"name":"wp","href":"https:\/\/api.w.org\/{rel}","templated":true}]}}