{"id":107103,"date":"2017-02-16T18:59:01","date_gmt":"2017-02-16T20:59:01","guid":{"rendered":"http:\/\/www.redenoticia.com.br\/noticia\/?p=107103"},"modified":"2017-02-16T21:03:10","modified_gmt":"2017-02-16T23:03:10","slug":"resumo-novela-sol-nascente-1702-cesar-arma-contra-alice","status":"publish","type":"post","link":"https:\/\/migracao.redenoticia.com.br\/noticia\/2017\/resumo-novela-sol-nascente-1702-cesar-arma-contra-alice\/107103","title":{"rendered":"Resumo novela \u201cSol Nascente\u201d 17\/02: C\u00e9sar arma contra Alice"},"content":{"rendered":"<p><img loading=\"lazy\" decoding=\"async\" class=\"alignleft size-thumbnail wp-image-91714\" src=\"https:\/\/migracao.redenoticia.com.br\/noticia\/imagens\/sol_nascente_resumo_novela_globo-150x112.jpg\" alt=\"sol_nascente_resumo_novela_globo\" width=\"150\" height=\"112\" srcset=\"https:\/\/migracao.redenoticia.com.br\/noticia\/imagens\/sol_nascente_resumo_novela_globo-150x112.jpg 150w, https:\/\/migracao.redenoticia.com.br\/noticia\/imagens\/sol_nascente_resumo_novela_globo-265x198.jpg 265w\" sizes=\"auto, (max-width: 150px) 100vw, 150px\" \/><strong><em>Resumo novela \u201cSol Nascente\u201d 17\/02<\/em><\/strong>: no cap\u00edtulo 148(*) da novela \u201cSol Nascente\u201d, sexta-feira, 17 de fevereiro, Loretta conta que entregou a filha de Lenita para um casal que vive fora do pa\u00eds. Carol desiste de contar para Louzada o que sabe sobre C\u00e9sar. Patrick diz a Ana Clara que Julia pode ajudar na recupera\u00e7\u00e3o de Wagner. Hideo tenta encontrar a fraude no v\u00eddeo de C\u00e9sar sobre a explos\u00e3o das traineiras. Tanaka conta a Mocinha toda a sua hist\u00f3ria. Hir\u00f4 leva documentos do \u00faltimo carregamento da Arraial Pescados para Alice assinar. C\u00e9sar arma contra Alice e avisa a Mesquita e Louzada sobre o carregamento ilegal de dinheiro. Gaetano e Damasceno procuram Sinh\u00e1. Louzada e Mesquita apreendem a carga da Arraial Pescados, e Hir\u00f4 se desespera. Elisa n\u00e3o consegue contar para Ana Clara sobre sua paix\u00e3o por Padre Juli\u00e3o. Louzada anuncia que a Arraial Pescados ser\u00e1 fechada.<\/p>\n<p>(*) edi\u00e7\u00e3o da Rede Globo, Novela \u201cSol Nascente\u201d, sujeito a altera\u00e7\u00e3o de data e conte\u00fado.<\/p>\n<p>Sol Nascente \u00e9 uma telenovela brasileira produzida pela Rede Globo e exibida desde 29 de agosto de 2016, no hor\u00e1rio das 18 horas, substituindo \u00cata Mundo Bom!. Escrita por Walther Negr\u00e3o, Suzana Pires e J\u00falio Fischer, com a colabora\u00e7\u00e3o de Jackie Vellego e Fausto Galv\u00e3o, com dire\u00e7\u00e3o geral de Marcelo Travesso e Leonardo Nogueira, tamb\u00e9m diretor art\u00edstico. Conta com as participa\u00e7\u00f5es de Giovanna Antonelli, Bruno Gagliasso, Rafael Cardoso, Lu\u00eds Melo, Francisco Cuoco, Aracy Balabanian, Laura Cardoso e Marcello Novaes.<\/p>\n","protected":false},"excerpt":{"rendered":"<p>Resumo novela \u201cSol Nascente\u201d 17\/02: no cap\u00edtulo 148(*) da novela \u201cSol Nascente\u201d, sexta-feira, 17 de fevereiro, Loretta conta que entregou a filha de Lenita para um casal que vive fora do pa\u00eds. Carol desiste de contar para Louzada o que sabe sobre C\u00e9sar. Patrick diz a Ana Clara que Julia pode ajudar na recupera\u00e7\u00e3o de [&hellip;]<\/p>\n","protected":false},"author":2,"featured_media":91714,"comment_status":"open","ping_status":"closed","sticky":false,"template":"","format":"standard","meta":{"tdm_status":"","tdm_grid_status":"","footnotes":""},"categories":[379,375,343],"tags":[441],"class_list":{"0":"post-107103","1":"post","2":"type-post","3":"status-publish","4":"format-standard","5":"has-post-thumbnail","7":"category-novelas","8":"category-rede-globo","9":"category-televisao","10":"tag-resumo-do-dia"},"_links":{"self":[{"href":"https:\/\/migracao.redenoticia.com.br\/noticia\/wp-json\/wp\/v2\/posts\/107103","targetHints":{"allow":["GET"]}}],"collection":[{"href":"https:\/\/migracao.redenoticia.com.br\/noticia\/wp-json\/wp\/v2\/posts"}],"about":[{"href":"https:\/\/migracao.redenoticia.com.br\/noticia\/wp-json\/wp\/v2\/types\/post"}],"author":[{"embeddable":true,"href":"https:\/\/migracao.redenoticia.com.br\/noticia\/wp-json\/wp\/v2\/users\/2"}],"replies":[{"embeddable":true,"href":"https:\/\/migracao.redenoticia.com.br\/noticia\/wp-json\/wp\/v2\/comments?post=107103"}],"version-history":[{"count":0,"href":"https:\/\/migracao.redenoticia.com.br\/noticia\/wp-json\/wp\/v2\/posts\/107103\/revisions"}],"wp:featuredmedia":[{"embeddable":true,"href":"https:\/\/migracao.redenoticia.com.br\/noticia\/wp-json\/wp\/v2\/media\/91714"}],"wp:attachment":[{"href":"https:\/\/migracao.redenoticia.com.br\/noticia\/wp-json\/wp\/v2\/media?parent=107103"}],"wp:term":[{"taxonomy":"category","embeddable":true,"href":"https:\/\/migracao.redenoticia.com.br\/noticia\/wp-json\/wp\/v2\/categories?post=107103"},{"taxonomy":"post_tag","embeddable":true,"href":"https:\/\/migracao.redenoticia.com.br\/noticia\/wp-json\/wp\/v2\/tags?post=107103"}],"curies":[{"name":"wp","href":"https:\/\/api.w.org\/{rel}","templated":true}]}}