{"id":107105,"date":"2017-02-16T20:03:27","date_gmt":"2017-02-16T22:03:27","guid":{"rendered":"http:\/\/www.redenoticia.com.br\/noticia\/?p=107105"},"modified":"2017-02-16T21:06:50","modified_gmt":"2017-02-16T23:06:50","slug":"resumo-novela-rock-story-1702-chiara-pede-para-nao-ir-ao-casamento","status":"publish","type":"post","link":"https:\/\/migracao.redenoticia.com.br\/noticia\/2017\/resumo-novela-rock-story-1702-chiara-pede-para-nao-ir-ao-casamento\/107105","title":{"rendered":"Resumo novela \u201cRock Story\u201d 17\/02: Chiara pede para n\u00e3o ir ao casamento"},"content":{"rendered":"<p><img loading=\"lazy\" decoding=\"async\" class=\"alignleft size-thumbnail wp-image-97429\" src=\"https:\/\/migracao.redenoticia.com.br\/noticia\/imagens\/logo_rock_story-150x112.jpg\" alt=\"logo_rock_story\" width=\"150\" height=\"112\" srcset=\"https:\/\/migracao.redenoticia.com.br\/noticia\/imagens\/logo_rock_story-150x112.jpg 150w, https:\/\/migracao.redenoticia.com.br\/noticia\/imagens\/logo_rock_story-265x198.jpg 265w\" sizes=\"auto, (max-width: 150px) 100vw, 150px\" \/><strong><em>Resumo novela \u201cRock Story\u201d 16\/02<\/em><\/strong>: no cap\u00edtulo 087(*) da novela \u201cRock Story\u201d, sexta-feira, 17 de fevereiro, Gui e Diana chegam \u00e0 floresta onde Chiara se perdeu. Nanda se irrita por ter que fazer uma reserva para Gordo jantar com Eva. Diana encontra a pulseira de Chiara e se desespera. Eva sugere que ela e Gordo mantenham o romance em segredo. Diana encontra Chiara, e Gui se esfor\u00e7a para resgatar a filha. L\u00e9o tenta falar com Diana. Zac tem uma conversa s\u00e9ria com Tom. Edith e Nelson se preocupam por J\u00falia n\u00e3o querer falar com Gui. Chiara pede para n\u00e3o ir ao casamento de Diana, e ela chora ao ver a filha abra\u00e7ada a Gui. Caio incentiva Nicolau a se declarar para Luana. N\u00e9ia cobra a entrada dos fot\u00f3grafos no casamento de L\u00e9o. Miro n\u00e3o gosta de ver o clima animado entre Nina e L\u00e9o. Nicolau se declara para Luana. Diana desiste de se casar com L\u00e9o.<\/p>\n<p>(*) edi\u00e7\u00e3o da Rede Globo, Novela \u201cRock Story\u201d, sujeito a altera\u00e7\u00e3o de data e conte\u00fado.<\/p>\n<p>Rock Story \u00e9 uma telenovela brasileira produzida pela Rede Globo, para o hor\u00e1rio das 19 horas, com estreia em 9 de novembro de 2016, substituindo Haja Cora\u00e7\u00e3o. Escrita por Maria Helena Nascimento, com supervis\u00e3o de texto de Ricardo Linhares, \u00e9 escrita com a colabora\u00e7\u00e3o de \u00c2ngela Chaves, Cl\u00e1udio Lisboa, Chico Soares e Daisy Chaves, com dire\u00e7\u00e3o geral de Maria de M\u00e9dicis e dire\u00e7\u00e3o art\u00edstica de Dennis Carvalho. Conta com as participa\u00e7\u00f5es de Vladimir Brichta, Nathalia Dill, Alinne Moraes, Rafael Vitti, Jo\u00e3o de Castro, Viviane Ara\u00fajo, Nicolas Prattes e Caio Paduan.<\/p>\n","protected":false},"excerpt":{"rendered":"<p>Resumo novela \u201cRock Story\u201d 16\/02: no cap\u00edtulo 087(*) da novela \u201cRock Story\u201d, sexta-feira, 17 de fevereiro, Gui e Diana chegam \u00e0 floresta onde Chiara se perdeu. Nanda se irrita por ter que fazer uma reserva para Gordo jantar com Eva. Diana encontra a pulseira de Chiara e se desespera. Eva sugere que ela e Gordo [&hellip;]<\/p>\n","protected":false},"author":2,"featured_media":97429,"comment_status":"open","ping_status":"closed","sticky":false,"template":"","format":"standard","meta":{"tdm_status":"","tdm_grid_status":"","footnotes":""},"categories":[379,375,343],"tags":[441],"class_list":{"0":"post-107105","1":"post","2":"type-post","3":"status-publish","4":"format-standard","5":"has-post-thumbnail","7":"category-novelas","8":"category-rede-globo","9":"category-televisao","10":"tag-resumo-do-dia"},"_links":{"self":[{"href":"https:\/\/migracao.redenoticia.com.br\/noticia\/wp-json\/wp\/v2\/posts\/107105","targetHints":{"allow":["GET"]}}],"collection":[{"href":"https:\/\/migracao.redenoticia.com.br\/noticia\/wp-json\/wp\/v2\/posts"}],"about":[{"href":"https:\/\/migracao.redenoticia.com.br\/noticia\/wp-json\/wp\/v2\/types\/post"}],"author":[{"embeddable":true,"href":"https:\/\/migracao.redenoticia.com.br\/noticia\/wp-json\/wp\/v2\/users\/2"}],"replies":[{"embeddable":true,"href":"https:\/\/migracao.redenoticia.com.br\/noticia\/wp-json\/wp\/v2\/comments?post=107105"}],"version-history":[{"count":0,"href":"https:\/\/migracao.redenoticia.com.br\/noticia\/wp-json\/wp\/v2\/posts\/107105\/revisions"}],"wp:featuredmedia":[{"embeddable":true,"href":"https:\/\/migracao.redenoticia.com.br\/noticia\/wp-json\/wp\/v2\/media\/97429"}],"wp:attachment":[{"href":"https:\/\/migracao.redenoticia.com.br\/noticia\/wp-json\/wp\/v2\/media?parent=107105"}],"wp:term":[{"taxonomy":"category","embeddable":true,"href":"https:\/\/migracao.redenoticia.com.br\/noticia\/wp-json\/wp\/v2\/categories?post=107105"},{"taxonomy":"post_tag","embeddable":true,"href":"https:\/\/migracao.redenoticia.com.br\/noticia\/wp-json\/wp\/v2\/tags?post=107105"}],"curies":[{"name":"wp","href":"https:\/\/api.w.org\/{rel}","templated":true}]}}