{"id":107117,"date":"2017-02-19T23:54:01","date_gmt":"2017-02-20T02:54:01","guid":{"rendered":"http:\/\/www.redenoticia.com.br\/noticia\/?p=107117"},"modified":"2018-08-13T10:39:42","modified_gmt":"2018-08-13T13:39:42","slug":"bbb-17-enquete-quem-pedro-deve-indicar-para-o-paredao","status":"publish","type":"post","link":"https:\/\/migracao.redenoticia.com.br\/noticia\/2017\/bbb-17-enquete-quem-pedro-deve-indicar-para-o-paredao\/107117","title":{"rendered":"\u201cBBB\u201d 17 enquete: quem Pedro deve indicar para o pared\u00e3o"},"content":{"rendered":"<p><img loading=\"lazy\" decoding=\"async\" class=\"alignleft size-thumbnail wp-image-64480\" src=\"https:\/\/migracao.redenoticia.com.br\/noticia\/imagens\/bbb_votacao_enquete_paredao_prova-150x112.jpg\" alt=\"\" width=\"150\" height=\"112\" srcset=\"https:\/\/migracao.redenoticia.com.br\/noticia\/imagens\/bbb_votacao_enquete_paredao_prova-150x112.jpg 150w, https:\/\/migracao.redenoticia.com.br\/noticia\/imagens\/bbb_votacao_enquete_paredao_prova-265x198.jpg 265w\" sizes=\"auto, (max-width: 150px) 100vw, 150px\" \/><strong><em>&#8220;BBB&#8221; 17 enquete (Prova do L\u00edder 16\/02)<\/em><\/strong>: Tiago comunicou a aus\u00eancia de vetos e mandou todos os Brothers para o campo de provas. Ele explicou as regras da Prova do L\u00edder, deu a dica para eles ouvirem com o cora\u00e7\u00e3o e abriu a disputa. Os brothers precisaram adivinhar se uma crian\u00e7a foi selecionada no The Voice Kids ou n\u00e3o. Manoel foi o primeiro eliminado. Pedro acertou mais vezes e \u00e9 o novo L\u00edder. Participe da enquete sobre a indica\u00e7\u00e3o do l\u00edder para o pared\u00e3o.<\/p>\n<p>Enquete: Quem Pedro deve indicar para o pared\u00e3o?<\/p>\n<p><script type=\"text\/javascript\" charset=\"utf-8\" src=\"http:\/\/static.polldaddy.com\/p\/9667152.js\"><\/script><br \/>\n<noscript><\/noscript> <\/p>\n<p>Pedro indicou Manoel para o pared\u00e3o.<\/p>\n<p>Not\u00edcias relacionadas<\/p>\n<p>Concorrentes: Vivian Amorim, R\u00f4mulo Neves, Roberta Diniz, Pedro Falc\u00e3o, Manoel, Marinalva Almeida, Marcos Harter, Luiz Felipe, Ilmar Fonseca, Ieda, Emilly, Elis Nair, Daniel Fontes.<\/p>\n<p>Fonte e imagem &#8220;BBB&#8221; 17 Rede Globo<\/p>\n","protected":false},"excerpt":{"rendered":"<p>&#8220;BBB&#8221; 17 enquete (Prova do L\u00edder 16\/02): Tiago comunicou a aus\u00eancia de vetos e mandou todos os Brothers para o campo de provas. Ele explicou as regras da Prova do L\u00edder, deu a dica para eles ouvirem com o cora\u00e7\u00e3o e abriu a disputa. Os brothers precisaram adivinhar se uma crian\u00e7a foi selecionada no The [&hellip;]<\/p>\n","protected":false},"author":2,"featured_media":64479,"comment_status":"open","ping_status":"closed","sticky":false,"template":"","format":"standard","meta":{"tdm_status":"","tdm_grid_status":"","footnotes":""},"categories":[520,375,343],"tags":[],"class_list":{"0":"post-107117","1":"post","2":"type-post","3":"status-publish","4":"format-standard","5":"has-post-thumbnail","7":"category-big-brother-brasil","8":"category-rede-globo","9":"category-televisao"},"_links":{"self":[{"href":"https:\/\/migracao.redenoticia.com.br\/noticia\/wp-json\/wp\/v2\/posts\/107117","targetHints":{"allow":["GET"]}}],"collection":[{"href":"https:\/\/migracao.redenoticia.com.br\/noticia\/wp-json\/wp\/v2\/posts"}],"about":[{"href":"https:\/\/migracao.redenoticia.com.br\/noticia\/wp-json\/wp\/v2\/types\/post"}],"author":[{"embeddable":true,"href":"https:\/\/migracao.redenoticia.com.br\/noticia\/wp-json\/wp\/v2\/users\/2"}],"replies":[{"embeddable":true,"href":"https:\/\/migracao.redenoticia.com.br\/noticia\/wp-json\/wp\/v2\/comments?post=107117"}],"version-history":[{"count":0,"href":"https:\/\/migracao.redenoticia.com.br\/noticia\/wp-json\/wp\/v2\/posts\/107117\/revisions"}],"wp:featuredmedia":[{"embeddable":true,"href":"https:\/\/migracao.redenoticia.com.br\/noticia\/wp-json\/wp\/v2\/media\/64479"}],"wp:attachment":[{"href":"https:\/\/migracao.redenoticia.com.br\/noticia\/wp-json\/wp\/v2\/media?parent=107117"}],"wp:term":[{"taxonomy":"category","embeddable":true,"href":"https:\/\/migracao.redenoticia.com.br\/noticia\/wp-json\/wp\/v2\/categories?post=107117"},{"taxonomy":"post_tag","embeddable":true,"href":"https:\/\/migracao.redenoticia.com.br\/noticia\/wp-json\/wp\/v2\/tags?post=107117"}],"curies":[{"name":"wp","href":"https:\/\/api.w.org\/{rel}","templated":true}]}}