{"id":107145,"date":"2017-02-20T01:01:54","date_gmt":"2017-02-20T04:01:54","guid":{"rendered":"http:\/\/www.redenoticia.com.br\/noticia\/?p=107145"},"modified":"2017-02-19T18:02:11","modified_gmt":"2017-02-19T21:02:11","slug":"pos-doutorado-em-imunoquimica-e-imunogenetica-com-bolsa-da-fapesp","status":"publish","type":"post","link":"https:\/\/migracao.redenoticia.com.br\/noticia\/2017\/pos-doutorado-em-imunoquimica-e-imunogenetica-com-bolsa-da-fapesp\/107145","title":{"rendered":"P\u00f3s-Doutorado em Imunoqu\u00edmica e Imunogen\u00e9tica com bolsa da FAPESP"},"content":{"rendered":"<p> Ag\u00eancia FAPESP \u2013 O Centro de Excel\u00eancia para Descoberta de Alvos Moleculares (), resultado de uma parceria entre a FAPESP, a GlaxoSmithKline e o Instituto Butantan, no \u00e2mbito do Programa Parceria para Inova\u00e7\u00e3o Tecnol\u00f3gica (PITE), oferece duas oportunidades de <strong><em>P\u00f3s-Doutorado \u2013 em Imunoqu\u00edmica e Imunogen\u00e9tica<\/em><\/strong> \u2013 com Bolsa da Funda\u00e7\u00e3o. O prazo de inscri\u00e7\u00e3o encerra em 28 de fevereiro.<\/p>\n<p>As duas bolsas est\u00e3o vinculadas ao projeto \u201c\u201d, que tem como pesquisador respons\u00e1vel Ana Marisa Chudzinski Tavassi.<\/p>\n<p>A primeira bolsa, na \u00e1rea de Imunoqu\u00edmica, est\u00e1 ligada \u00e0 pesquisa &#8220;Vias de sinaliza\u00e7\u00e3o envolvidas na resposta inflamat\u00f3ria em modelos de cultura 3D de osteoartrite&#8221;.<\/p>\n<p>O p\u00f3s-doutorando ter\u00e1 a oportunidade de trabalhar em um projeto sobre a identifica\u00e7\u00e3o\/elucida\u00e7\u00e3o e a valida\u00e7\u00e3o de novos alvos\/vias envolvidos na osteoartrite, utilizando como ferramentas toxinas de venenos de animais pe\u00e7onhentos.<\/p>\n<p>Os candidatos devem ter doutorado em Imunologia, pelo menos tr\u00eas artigos como primeiro autor publicados em revistas internacionais e motiva\u00e7\u00e3o para resolver problemas biol\u00f3gicos complexos no campo da descoberta de alvos moleculares.<\/p>\n<p>Devem, ainda, ter experi\u00eancia comprovada em culturas 3D e em t\u00e9cnicas imunol\u00f3gicas, incluindo citometria de fluxo multicolor. Experi\u00eancia em microscopia confocal, resson\u00e2ncia plasm\u00f4nica de superf\u00edcie, biologia molecular e bioinform\u00e1tica \u00e9 tamb\u00e9m desejada.<\/p>\n<p>Os interessados devem enviar carta de apresenta\u00e7\u00e3o descrevendo realiza\u00e7\u00f5es de pesquisa, curriculum vitae e duas cartas de recomenda\u00e7\u00e3o para o endere\u00e7o centd@butantan.gov.br com c\u00f3pia para denise.tambourgi@butantan.gov.br.<\/p>\n<p>A oportunidade est\u00e1 publicada em .<\/p>\n<p>A segunda bolsa, na \u00e1rea de Imunogen\u00e9tica, oferecer\u00e1 ao p\u00f3s-doutorando a oportunidade de trabalhar em um projeto sobre a identifica\u00e7\u00e3o\/elucida\u00e7\u00e3o e a valida\u00e7\u00e3o de novos alvos\/vias envolvidos na osteoartrite, utilizando como ferramentas toxinas de venenos de animais pe\u00e7onhentos.<\/p>\n<p>Os candidatos devem ter experi\u00eancia em pesquisa b\u00e1sica em Imunologia e estar dispostos a desenvolver novas tecnologias a serem implantadas na unidade.<\/p>\n<p>Os interessados devem ter experi\u00eancia no manuseio de camundongos para testes in vivo, em cultura celular; em biologia celular linfoide e\/ou mieloide em doen\u00e7as inflamat\u00f3rias, e em ensaios imunol\u00f3gicos, biol\u00f3gicos e moleculares (citometria de fluxo\/separa\u00e7\u00e3o de popula\u00e7\u00f5es celulares, Elisa\/Luminex, qRT-PCR).<\/p>\n<p>\u00c9 desej\u00e1vel que tenham tamb\u00e9m experi\u00eancia em an\u00e1lise bioinform\u00e1tica de dados de rastreamento gen\u00f4mico e\/ou express\u00e3o g\u00eanica (microarray\/RNASeq), na tecnologia CRISPR\/Cas9 e em microscopia confocal, al\u00e9m de publica\u00e7\u00f5es relacionadas \u00e0 \u00e1rea da presente proposta.<\/p>\n<p>Interessados dever\u00e3o enviar carta de apresenta\u00e7\u00e3o descrevendo realiza\u00e7\u00f5es em pesquisa, curriculum vitae e duas cartas de recomenda\u00e7\u00e3o para Olga M. Iba\u00f1ez no endere\u00e7o olga.ibanez@butantan.gov.br.<\/p>\n<p>A oportunidade est\u00e1 publicada em .<\/p>\n<p>Os selecionados receber\u00e3o bolsa de P\u00f3s-Doutorado da FAPESP no valor de R$ 6.819,30 mensais e Reserva T\u00e9cnica. A Reserva T\u00e9cnica da bolsa de PD equivale a 15% do valor anual da bolsa e tem o objetivo de atender a despesas imprevistas e diretamente relacionadas \u00e0 atividade de pesquisa.<\/p>\n<p>Caso os bolsistas residam em domic\u00edlio diferente e precisem se mudar para a cidade onde se localiza a institui\u00e7\u00e3o-sede da pesquisa, poder\u00e3o ter direito a um Aux\u00edlio-Instala\u00e7\u00e3o.<\/p>\n<p>Mais informa\u00e7\u00f5es sobre a bolsa de P\u00f3s-Doutorado da FAPESP est\u00e3o dispon\u00edveis em .<\/p>\n<p>Outras vagas de bolsas de P\u00f3s-Doutorado, em diversas \u00e1reas do conhecimento, est\u00e3o no site . <\/p>\n<p>&#8212;<br \/>\n S\u00e9rie &#8220;Ci\u00eancia Explica&#8221; leva conceitos cient\u00edficos \u00e0s crian\u00e7as<\n\nAg\u00eancia FAPESP \u2013 O Laborat\u00f3rio Aberto de Interatividade para a Dissemina\u00e7\u00e3o do Conhecimento Cient\u00edfico e Tecnol\u00f3gico (LAbI) da Universidade Federal de S\u00e3o Carlos (UFSCar) lan\u00e7ou a s\u00e9rie de videocasts \u201c\u201d, que tem o objetivo de abordar conceitos cient\u00edficos junto \u00e0s crian\u00e7as.\n\nO projeto \u201cCi\u00eancia Explica\u201d, uma parceria do LAbI com o Centro de Desenvolvimento de Materiais Funcionais (), um dos Centros de Pesquisa, Inova\u00e7\u00e3o e Difus\u00e3o () da FAPESP, tamb\u00e9m \u00e9 exibido na  da revista Galileu no Facebook.\n\nCom 11 epis\u00f3dios j\u00e1 veiculados, cada um com cerca de um minuto, a s\u00e9rie \u201cCi\u00eancia Explica\u201d parte de perguntas como \u201cPor que soltamos fuma\u00e7a pela boca quando est\u00e1 frio?\u201d, \u201cComo surge o bolor no p\u00e3o?\u201d e \u201cPorque choramos quando cortamos cebola?\u201d. As respostas s\u00e3o apresentadas na forma de anima\u00e7\u00f5es com desenhos feitos \u00e0 m\u00e3o, em geral sugerindo que as crian\u00e7as busquem mais informa\u00e7\u00f5es junto aos seus professores.\n\n\u201cA ideia \u00e9 aproveitar a curiosidade pr\u00f3pria das crian\u00e7as para, aos poucos, ir apresentando novos conceitos e conhecimentos. O projeto, como todas as iniciativas do LAbI, parte da compreens\u00e3o de que escola e divulga\u00e7\u00e3o cient\u00edfica s\u00e3o \u2013 e devem sempre ser \u2013 espa\u00e7os complementares de acesso \u00e0 Ci\u00eancia\u201d, disse T\u00e1rcio Minto Fabr\u00edcio, coordenador de Conte\u00fado do Laborat\u00f3rio, idealizador e diretor geral da s\u00e9rie \u00e0 Assessoria de Comunica\u00e7\u00e3o do CDMF.\n\nOs roteiros, dire\u00e7\u00e3o de arte e desenhos s\u00e3o de Anne Lodi (estudante do curso de gradua\u00e7\u00e3o em Imagem e Som da UFSCar e bolsista do LAbI), com participa\u00e7\u00e3o tamb\u00e9m de Rafael Sim\u00f5es (capta\u00e7\u00e3o, edi\u00e7\u00e3o, finaliza\u00e7\u00e3o, sonoplastia e dire\u00e7\u00e3o executiva) e de Mario Gon\u00e7alves Neto (dire\u00e7\u00e3o executiva), ambos coordenadores de audiovisual do Laborat\u00f3rio.\n\nA s\u00e9rie pode ser acessada no endere\u00e7o .\n\nOutras iniciativas de divulga\u00e7\u00e3o do conhecimento cient\u00edfico e tecnol\u00f3gico em v\u00eddeos realizadas pelo LAbI podem ser conferidas em .\n\n--\n Seca no semi\u00e1rido nordestino se agravar\u00e1 at\u00e9 abril\n\nClaudia Izique \u00a0| \u00a0Ag\u00eancia FAPESP \u2013 A <strong><em>seca no semi\u00e1rido do Nordeste<\/em><\/strong> do pa\u00eds, que j\u00e1 dura seis anos, poder\u00e1 se agravar at\u00e9 abril: h\u00e1 75% de probabilidade de as chuvas ficarem na m\u00e9dia e abaixo da m\u00e9dia climatol\u00f3gicas entre os meses de fevereiro e abril, aponta o \u00faltimo relat\u00f3rio do Grupo de Trabalho em Previs\u00e3o Clim\u00e1tica Sazonal (GTPCS) do Minist\u00e9rio da Ci\u00eancia, Tecnologia, Inova\u00e7\u00e3o e Comunica\u00e7\u00f5es (MCTI).<\/p>\n<p>As previs\u00f5es, produzidas com base em modelos clim\u00e1ticos e em diagn\u00f3sticos atmosf\u00e9ricos e oce\u00e2nicos, integram a agenda de pesquisa do Instituto Nacional de Ci\u00eancia e Tecnologia (INCT) para Mudan\u00e7as Clim\u00e1ticas, apoiado pelo Conselho Nacional de Desenvolvimento Cient\u00edfico e Tecnol\u00f3gico (CNPq) e pela FAPESP.<\/p>\n<p>As an\u00e1lises para o per\u00edodo que vai de fevereiro a abril de 2017 mostram a persist\u00eancia de ventos al\u00edsios mais fracos que o normal no Atl\u00e2ntico Tropical e o aumento da temperatura da superf\u00edcie do mar.<\/p>\n<p>\u201cH\u00e1 40% de chances de chuva no norte do Nordeste nesse per\u00edodo, mas com grande variabilidade espacial e temporal e abaixo da m\u00e9dia hist\u00f3rica\u201d, ressalta Jos\u00e9 Antonio Marengo, coordenador geral de Pesquisa e Desenvolvimento do Centro Nacional de Monitoramento e Alertas de Desastres Naturais (Cemaden), em Cachoeira Paulista, que integra o Grupo de Trabalho.<\/p>\n<p>A baixa precipita\u00e7\u00e3o est\u00e1 associada \u00e0s temperaturas dos oceanos Atl\u00e2ntico e Pac\u00edfico, incluindo a forma\u00e7\u00e3o do El Ni\u00f1o intenso entre 2015 e 2016, assim como de \u201cperturba\u00e7\u00f5es de larga escala\u201d que resultaram no deslocamento da zona de converg\u00eancia intertropical para o norte.<\/p>\n<p>\u201cEsta zona representa uma banda de nuvens orientada de oeste a leste e que determina chuva na regi\u00e3o. Se esta zona fica mais ao norte, ent\u00e3o ficar\u00e1 mais afastada do Nordeste e n\u00e3o ter\u00e1 chuva na regi\u00e3o\u201d, explica Marengo.<\/p>\n<p>A seca tem sido implac\u00e1vel no leste do Piau\u00ed, sul do Cear\u00e1, oeste de Pernambuco e centro-norte da Bahia, desde outubro de 2011, onde vivem 2,3 milh\u00f5es de pessoas. As estimativas do Minist\u00e9rio da Integra\u00e7\u00e3o d\u00e3o conta de que as perdas no setor agr\u00edcola nordestino em fun\u00e7\u00e3o da seca s\u00e3o da ordem de US$ 6 bilh\u00f5es, entre 2010 e 2015.<\/p>\n<p>E o quadro poder\u00e1 se agravar. Marengo sublinha n\u00e3o ser poss\u00edvel fazer previs\u00f5es clim\u00e1ticas para prazos acima de tr\u00eas meses em raz\u00e3o da \u201celevada incerteza associada \u00e0s previs\u00f5es\u201d, mas as estat\u00edsticas indicam que a seca que atinge a regi\u00e3o \u00e9 a mais severa e mais prolongada desde que o Cemaden iniciou o monitoramento da regi\u00e3o, em 2013.<\/p>\n<p>\u201cEntre outubro de 2012 e setembro de 2013, quando a seca se intensificou e afetou 53% das \u00e1reas de pastagens, o acumulado de precipita\u00e7\u00e3o foi de 611 mm. Entre outubro de 2015 e setembro de 2016, o acumulado de precipita\u00e7\u00e3o foi ainda mais baixo, de 588 mm\u201d, afirma Marengo.<\/p>\n<p>Se at\u00e9 abril as chuvas atingirem um patamar entre a m\u00e9dia hist\u00f3rica \u2013 861 mm no per\u00edodo de 1961 a 2015 \u2013 e at\u00e9 30% abaixo dessa m\u00e9dia, a situa\u00e7\u00e3o h\u00eddrica na maioria dos sistemas de abastecimento de \u00e1gua no norte da Regi\u00e3o Nordeste n\u00e3o ir\u00e1 se recuperar. \u201cA longo prazo, isso implicar\u00e1 em acentuado risco de esgotamento da \u00e1gua armazenada nos a\u00e7udes do Cear\u00e1, Pernambuco, Para\u00edba e Rio Grande do Norte entre novembro de 2017 e fevereiro de 2018\u201d, prev\u00ea o meteorologista Marcelo Seluchi, do Cemaden.<\/p>\n<p>Em fevereiro de 2017, por exemplo, os 153 a\u00e7udes do Cear\u00e1, com capacidade \u00a0total para 18.674,0 hm3, armazenavam 1.168,0 hm3 de \u00e1gua, cerca de 6% da capacidade, de acordo com informa\u00e7\u00f5es do .<\/p>\n<p>Al\u00e9m do Cemaden, integram o GTPCS especialistas do Centro de Previs\u00e3o de Tempo e Estudos Clim\u00e1ticos (CPTEC) e do Centro de Ci\u00eancias do Sistema Terrestre (CCST) do Instituto Nacional de Pesquisas Espaciais (Inpe) e do Instituto Nacional de Pesquisas da Amaz\u00f4nia (Inpa). Participam como convidados representantes dos Centros Estaduais de Meteorologia e do Instituto Nacional de Meteorologia (Inmet).<\/p>\n<p>&#8212;<br \/>\n Procon-SP d\u00e1 dicas para consumidores viajarem com tranquilidade<\/p>\n<p>Aproveitando o per\u00edodo de ver\u00e3o e f\u00e9rias, o Procon-SP elaborou <strong><em>dicas para quem pretende viajar<\/em><\/strong>. Tudo come\u00e7a com a escolha do roteiro e do passeio. Mesmo no in\u00edcio, os consumidores j\u00e1 devem prestar aten\u00e7\u00e3o no tipo de pacote escolhido. Pode ser um pacote individual ou em grupo.<\/p>\n<p>Os individuais apresentam maior liberdade na programa\u00e7\u00e3o, tanto na hospedagem como transportes, desde que previamente contratados. No caso de excurs\u00e3o em grupo, roteiros e hor\u00e1rios s\u00e3o fixos. O Procon-SP orienta tamb\u00e9m checar o n\u00famero de pessoas que comp\u00f5em o grupo.<\/p>\n<p>Muitas vezes os consumidores ficam sabendo dos pacotes de viagem por meio de promo\u00e7\u00f5es e propagandas. A dica \u00e9 guardar o an\u00fancio porque o folheto deve conter informa\u00e7\u00f5es claras e precisas referentes \u00e0 viagem. Tamb\u00e9m deve especificar quais despesas extras ficar\u00e3o por conta do consumidor.<\/p>\n<p>Para viagens internacionais, a dica \u00e9 ficar atento \u00e0s\u00a0quest\u00f5es de c\u00e2mbio e permiss\u00f5es e obriga\u00e7\u00f5es para viajar. Por exemplo, a necessidade de visto, vacinas, autoriza\u00e7\u00e3o para viagens de menores e quest\u00f5es de c\u00e2mbio. \u00c9 obriga\u00e7\u00e3o do consumidor providenciar toda a documenta\u00e7\u00e3o antecipadamente. N\u00e3o se esque\u00e7a de verificar os limites alfandeg\u00e1rios para gastos no exterior.<\/p>\n<p>As faturas do cart\u00e3o de cr\u00e9dito costumam ser convertidas para o real na data de vencimento do fechamento da fatura. Vale, portanto, verificar a conveni\u00eancia de optar por outras formas de pagamento como, traveler check ou cart\u00e3o de d\u00e9bito.<\/p>\n<p>Buscar refer\u00eancias sobre ag\u00eancias de viagem com pessoas de confian\u00e7a que conhe\u00e7am os servi\u00e7os tamb\u00e9m ajuda. O usu\u00e1rio tamb\u00e9m pode acessar o cadastro das empresas reclamadas no Procon-SP, pelo telefone 151 ou pelo site do .<\/p>\n<p>No contrato (ou ficha roteiro de viagem) deve constar tudo o que foi acertado verbalmente e oferecido pela publicidade. As cl\u00e1usulas que possam colocar o consumidor em desvantagem exigem maior aten\u00e7\u00e3o, sobretudo quanto \u00e0 possibilidade de altera\u00e7\u00f5es nos hot\u00e9is, passeios, taxas extras e transportes. Guarde uma via datada e assinada, al\u00e9m de todos os prospectos, an\u00fancios e folhetos publicit\u00e1rios que integram o contrato.<\/p>\n<p>Fechado o neg\u00f3cio, a ag\u00eancia deve fornecer os vouchers (comprovantes de reserva de hot\u00e9is, traslados etc.) bem como recibos dos valores pagos, bilhetes, passagens com datas de sa\u00edda e chegada.<\/p>\n<p>Problemas durante a viagem devem ser comunicados aos respons\u00e1veis e, se poss\u00edvel, registrados por meio de fotos ou v\u00eddeos.<\/p>\n<h4>Saiba mais \u00a0sobre cancelamentos, cruzeiros mar\u00edtimos, atrasos de voo, seguro de viagem, etc.<\/h4>\n<p>Do Portal do Governo SP<br \/>\n&#8212;<\/p>\n<p>Governo libera R$ 13,8 milh\u00f5es para vacina\u00e7\u00e3o contra febre amarela<\/p>\n<p> O Minist\u00e9rio da Sa\u00fade liberou R$ 13,8 milh\u00f5es para intensificar a vacina\u00e7\u00e3o contra <strong><em>febre amarela<\/em><\/strong> na popula\u00e7\u00e3o de cinco estados. A portaria estabelecendo o repasse foi publicada no Di\u00e1rio Oficial da Uni\u00e3o. Os estados contemplados s\u00e3o: Bahia, com R$ 394.206,95; Esp\u00edrito Santo, R$ 1.679.188,70; Minas Gerais, R$ 8.905.638,32; Rio de Janeiro, R$ 921.970,26; e S\u00e3o Paulo, R$ 1.929.081,68.<\/p>\n<p>Os recursos foram definidos a partir da estimativa da popula\u00e7\u00e3o a ser vacinada em cada localidade e ser\u00e3o transferidos para os fundos de sa\u00fade dos estados e munic\u00edpios, em parcela \u00fanica.<\/p>\n<p> Segundo o Minist\u00e9rio da Sa\u00fade, a verba liberada hoje faz parte dos R$ 40 milh\u00f5es que ser\u00e3o destinados \u00e0s cidades mais afetadas pela febre amarela no pa\u00eds. A pasta tamb\u00e9m adiantar\u00e1 mais R$ 26,3 milh\u00f5es que representam 40% dos recursos de vigil\u00e2ncia em sa\u00fade. Os valores dever\u00e3o ser aplicados em a\u00e7\u00f5es de preven\u00e7\u00e3o na \u00e1rea de vigil\u00e2ncia para a febre amarela.<\/p>\n<p>Na \u00faltima ter\u00e7a-feira (14), o governo federal tamb\u00e9m disponibilizou R$ 7,4 milh\u00f5es para a assist\u00eancia a pacientes com febre amarela em Minas Gerais, para cobrir despesas emergenciais por tr\u00eas meses.<\/p>\n<p>N\u00famero de casos<\/p>\n<p>O Minist\u00e9rio da Sa\u00fade atualizou as informa\u00e7\u00f5es repassadas pelas secretarias estaduais de sa\u00fade sobre a situa\u00e7\u00e3o da febre amarela no pa\u00eds. At\u00e9 16\/02, foram confirmados 253 casos da doen\u00e7a. Ao todo, foram notificados 1.246 casos suspeitos, sendo que 885 permanecem em investiga\u00e7\u00e3o e 108 foram descartados.<\/p>\n<p>Dos 199 \u00f3bitos notificados, 88 foram confirmados para febre amarela, 108 ainda s\u00e3o investigados e tr\u00eas foram descartados. Os estados de Minas Gerais, Esp\u00edrito Santo e S\u00e3o Paulo confirmaram casos da doen\u00e7a. Bahia, Tocantins e Rio Grande do Norte continuam com casos em investiga\u00e7\u00e3o.<\/p>\n<p>Desde o in\u00edcio deste ano, o Minist\u00e9rio da Sa\u00fade enviou 12,7 milh\u00f5es de doses extras da vacina contra febre amarela aos estados que est\u00e3o registrando casos suspeitos da doen\u00e7a e \u00e0queles que fazem divisa com \u00e1reas que tenham notificado casos.<\/p>\n<p>Andreia Verd\u00e9lio \u2013 Rep\u00f3rter da Ag\u00eancia Brasil<br \/>\nEdi\u00e7\u00e3o: L\u00edlian Beraldo<br \/>\n20\/02\/2017<br \/>\n&#8212;<\/p>\n<p>Infla\u00e7\u00e3o volta a cair em S\u00e3o Paulo<\/p>\n<p> O \u00cdndice de Pre\u00e7os ao Consumidor (<strong><em>IPC<\/em><\/strong>), medido pela Funda\u00e7\u00e3o Instituto de Pesquisas Econ\u00f4micas (Fipe) na cidade de S\u00e3o Paulo, apresentou varia\u00e7\u00e3o de 0,02% na segunda quadrissemana de fevereiro, ante 0,18% na \u00faltima apura\u00e7\u00e3o. Quatro dos sete grupos pesquisados tiveram redu\u00e7\u00e3o, entre eles o de alimenta\u00e7\u00e3o, que sempre pesa mais no or\u00e7amento dom\u00e9stico.<\/p>\n<p>Os pre\u00e7os dos itens aliment\u00edcios recuaram, em m\u00e9dia, 0,4% sobre uma queda de 0,11%. As demais baixas ocorreram nos grupos: habita\u00e7\u00e3o (de -0,01% para -0,09%); transportes (de 0,37% para -0,06%) e vestu\u00e1rio (de -0,77% para -0,65%).<\/p>\n<p>A maior alta foi em educa\u00e7\u00e3o com 3,76% , mas em ritmo de diminui\u00e7\u00e3o de corre\u00e7\u00e3o. Na primeira pr\u00e9via do m\u00eas, esse grupo havia apresentado alta de 5,56% e, no fechamento de janeiro, de 6,51%.<\/p>\n<p>Em despesas pessoais, houve pequena eleva\u00e7\u00e3o, de 0,11%, indicando perda na velocidade de corre\u00e7\u00e3o. Na pesquisa anterior ocorreu alta de 0,25%. No grupo sa\u00fade, a taxa voltou a apresentar aumento, ao passar de 0,79% para 1%.<\/p>\n<p>Marli Moreira &#8211; Rep\u00f3rter da Ag\u00eancia Brasil<br \/>\nEdi\u00e7\u00e3o: Gra\u00e7a Adjuto<br \/>\n20\/02\/2017<br \/>\n&#8212;<\/p>\n<p>Gastos de brasileiros no exterior crescem 87,9% em janeiro<\/p>\n<p> Os <strong><em>gastos de brasileiros no exterior<\/em><\/strong> ficaram em US$ 1,578 bilh\u00e3o em janeiro deste ano, informou o Banco Central (BC). O resultado \u00e9 87,95% superior ao registrado no mesmo per\u00edodo do ano passado, quando os brasileiros gastaram US$ 840 milh\u00f5es.<\/p>\n<p>O chefe do Departamento Econ\u00f4mico do BC, Tulio Maciel, destacou que o d\u00f3lar mais barato foi o principal fator que estimulou os gastos dos brasileiros no exterior. Ele lembrou que a taxa de c\u00e2mbio ficou em cerca de R$ 3,20, em janeiro deste ano. Em janeiro de 2016, essa m\u00e9dia era de R$ 4,05. \u201cUma varia\u00e7\u00e3o significativa de mais de 20% na taxa de c\u00e2mbio de um per\u00edodo para o outro\u201d, disse.<\/p>\n<p>Maciel disse ainda que a melhora nos indicadores de confian\u00e7a dos consumidores tamb\u00e9m estimulou as viagens ao exterior. \u201cSe olhar indicadores de confian\u00e7a de consumidores a gente v\u00ea uma rea\u00e7\u00e3o desde metade do ano passado. H\u00e1 um sentimento evidenciado nesses indicadores mais otimista hoje do que t\u00ednhamos no passado. Confian\u00e7a \u00e9 uma vari\u00e1vel na decis\u00e3o de gastar com viagens\u201d, destacou.<\/p>\n<p>Turistas estrangeiros<\/p>\n<p>J\u00e1 as receitas de estrangeiros em viagem no Brasil n\u00e3o variaram tanto do ano passado pra c\u00e1. Em janeiro deste ano, as receitas ficaram em US$ 664 milh\u00f5es, contra US$ 650 milh\u00f5es registrados em janeiro de 2016.<\/p>\n<p>Com esses resultados das despesas de brasileiros no exterior e as receitas de estrangeiros no Brasil, a conta de viagens internacionais ficou negativa em US$ 914 milh\u00f5es, no m\u00eas passado.<\/p>\n<p>Nos dados preliminares deste m\u00eas at\u00e9 o dia 15, as despesas de brasileiros no exterior ficaram em US$ 796 milh\u00f5es e as receitas de estrangeiros no Brasil, em US$ 309 milh\u00f5es.<\/p>\n<p>Kelly Oliveira \u2013 Rep\u00f3rter da Ag\u00eancia Brasil<br \/>\nEdi\u00e7\u00e3o: Denise Griesinger<br \/>\n20\/02\/2017<br \/>\n&#8212;<br \/>\nContas externas t\u00eam d\u00e9ficit de US$ 5 bilh\u00f5es em janeiro<\/p>\n<p> As <strong><em>contas externas<\/em><\/strong> iniciaram este ano com d\u00e9ficit de US$ 5,085 bilh\u00f5es, de acordo com dados do Banco Central (BC). Em janeiro de 2016, o saldo negativo das transa\u00e7\u00f5es correntes &#8211; compras e vendas de mercadorias e servi\u00e7os e transfer\u00eancias de renda do pa\u00eds com o mundo \u2013 foi menor, tendo ficado em US$ 4,817 bilh\u00f5es.<\/p>\n<p>No balan\u00e7o das transa\u00e7\u00f5es correntes, a conta de renda prim\u00e1ria (lucros e dividendos, pagamentos de juros e sal\u00e1rios) apresentou saldo negativo de US$ 5,344 bilh\u00f5es, no m\u00eas passado.<\/p>\n<p>A conta de servi\u00e7os (viagens internacionais, transportes, aluguel de equipamentos, seguros, entre outros) contribuiu para o resultado negativo com US$ 2,419 bilh\u00f5es.<\/p>\n<p>A conta de renda secund\u00e1ria (gerada em uma economia e distribu\u00edda para outra, como doa\u00e7\u00f5es e remessas de d\u00f3lares, sem contrapartida de servi\u00e7os ou bens) apresentou resultado positivo de US$ 174 milh\u00f5es.<\/p>\n<p>A balan\u00e7a comercial contribuiu para reduzir o d\u00e9ficit das contas externas, ao apresentar super\u00e1vit de US$ 2,504 bilh\u00f5es.<\/p>\n<p>Quando o pa\u00eds tem d\u00e9ficit nas contas externas, \u00e9 preciso financiar esse resultado negativo com investimentos estrangeiros ou tomar dinheiro emprestado no exterior. O investimento direto no pa\u00eds (IDP), recursos que entram no Brasil e v\u00e3o para o setor produtivo da economia, \u00e9 considerado a melhor forma de financiar por ser de longo prazo.<\/p>\n<p>No m\u00eas passado, o IDP chegou a US$ 11,528 bilh\u00f5es e foi mais do que suficiente para cobrir todo o d\u00e9ficit em transa\u00e7\u00f5es correntes.<\/p>\n<p>Em janeiro deste ano, o pa\u00eds tamb\u00e9m registrou entrada de investimento em a\u00e7\u00f5es negociadas em bolsas de valores no Brasil e no exterior e em fundos de investimento, no total de US$ 962 milh\u00f5es.<\/p>\n<p>O BC registrou ainda entrada l\u00edquida de investimento em t\u00edtulos negociados no pa\u00eds de US$ 502 milh\u00f5es, no m\u00eas passado.<\/p>\n<p>Kelly Oliveira \u2013 Rep\u00f3rter da Ag\u00eancia Brasil<br \/>\nEdi\u00e7\u00e3o: Maria Claudia<br \/>\n20\/02\/2017<\/p>\n","protected":false},"excerpt":{"rendered":"<p>Ag\u00eancia FAPESP \u2013 O Centro de Excel\u00eancia para Descoberta de Alvos Moleculares (), resultado de uma parceria entre a FAPESP, a GlaxoSmithKline e o Instituto Butantan, no \u00e2mbito do Programa Parceria para Inova\u00e7\u00e3o Tecnol\u00f3gica (PITE), oferece duas oportunidades de P\u00f3s-Doutorado \u2013 em Imunoqu\u00edmica e Imunogen\u00e9tica \u2013 com Bolsa da Funda\u00e7\u00e3o. O prazo de inscri\u00e7\u00e3o encerra [&hellip;]<\/p>\n","protected":false},"author":2,"featured_media":34767,"comment_status":"open","ping_status":"closed","sticky":false,"template":"","format":"standard","meta":{"tdm_status":"","tdm_grid_status":"","footnotes":""},"categories":[22,370,353],"tags":[],"class_list":{"0":"post-107145","1":"post","2":"type-post","3":"status-publish","4":"format-standard","5":"has-post-thumbnail","7":"category-brasil","8":"category-inscricao","9":"category-oportunidades"},"_links":{"self":[{"href":"https:\/\/migracao.redenoticia.com.br\/noticia\/wp-json\/wp\/v2\/posts\/107145","targetHints":{"allow":["GET"]}}],"collection":[{"href":"https:\/\/migracao.redenoticia.com.br\/noticia\/wp-json\/wp\/v2\/posts"}],"about":[{"href":"https:\/\/migracao.redenoticia.com.br\/noticia\/wp-json\/wp\/v2\/types\/post"}],"author":[{"embeddable":true,"href":"https:\/\/migracao.redenoticia.com.br\/noticia\/wp-json\/wp\/v2\/users\/2"}],"replies":[{"embeddable":true,"href":"https:\/\/migracao.redenoticia.com.br\/noticia\/wp-json\/wp\/v2\/comments?post=107145"}],"version-history":[{"count":0,"href":"https:\/\/migracao.redenoticia.com.br\/noticia\/wp-json\/wp\/v2\/posts\/107145\/revisions"}],"wp:featuredmedia":[{"embeddable":true,"href":"https:\/\/migracao.redenoticia.com.br\/noticia\/wp-json\/wp\/v2\/media\/34767"}],"wp:attachment":[{"href":"https:\/\/migracao.redenoticia.com.br\/noticia\/wp-json\/wp\/v2\/media?parent=107145"}],"wp:term":[{"taxonomy":"category","embeddable":true,"href":"https:\/\/migracao.redenoticia.com.br\/noticia\/wp-json\/wp\/v2\/categories?post=107145"},{"taxonomy":"post_tag","embeddable":true,"href":"https:\/\/migracao.redenoticia.com.br\/noticia\/wp-json\/wp\/v2\/tags?post=107145"}],"curies":[{"name":"wp","href":"https:\/\/api.w.org\/{rel}","templated":true}]}}