{"id":107269,"date":"2017-02-20T01:05:41","date_gmt":"2017-02-20T04:05:41","guid":{"rendered":"http:\/\/www.redenoticia.com.br\/noticia\/?p=107269"},"modified":"2017-02-19T18:07:35","modified_gmt":"2017-02-19T21:07:35","slug":"governo-libera-r-138-milhoes-para-vacinacao-contra-febre-amarela","status":"publish","type":"post","link":"https:\/\/migracao.redenoticia.com.br\/noticia\/2017\/governo-libera-r-138-milhoes-para-vacinacao-contra-febre-amarela\/107269","title":{"rendered":"Governo libera R$ 13,8 milh\u00f5es para vacina\u00e7\u00e3o contra febre amarela"},"content":{"rendered":"<p> O Minist\u00e9rio da Sa\u00fade liberou R$ 13,8 milh\u00f5es para intensificar a vacina\u00e7\u00e3o contra <strong><em>febre amarela<\/em><\/strong> na popula\u00e7\u00e3o de cinco estados. A portaria estabelecendo o repasse foi publicada no Di\u00e1rio Oficial da Uni\u00e3o. Os estados contemplados s\u00e3o: Bahia, com R$ 394.206,95; Esp\u00edrito Santo, R$ 1.679.188,70; Minas Gerais, R$ 8.905.638,32; Rio de Janeiro, R$ 921.970,26; e S\u00e3o Paulo, R$ 1.929.081,68.<\/p>\n<p>Os recursos foram definidos a partir da estimativa da popula\u00e7\u00e3o a ser vacinada em cada localidade e ser\u00e3o transferidos para os fundos de sa\u00fade dos estados e munic\u00edpios, em parcela \u00fanica.<\/p>\n<p> Segundo o Minist\u00e9rio da Sa\u00fade, a verba liberada hoje faz parte dos R$ 40 milh\u00f5es que ser\u00e3o destinados \u00e0s cidades mais afetadas pela febre amarela no pa\u00eds. A pasta tamb\u00e9m adiantar\u00e1 mais R$ 26,3 milh\u00f5es que representam 40% dos recursos de vigil\u00e2ncia em sa\u00fade. Os valores dever\u00e3o ser aplicados em a\u00e7\u00f5es de preven\u00e7\u00e3o na \u00e1rea de vigil\u00e2ncia para a febre amarela.<\/p>\n<p>Na \u00faltima ter\u00e7a-feira (14), o governo federal tamb\u00e9m disponibilizou R$ 7,4 milh\u00f5es para a assist\u00eancia a pacientes com febre amarela em Minas Gerais, para cobrir despesas emergenciais por tr\u00eas meses.<\/p>\n<p>N\u00famero de casos<\/p>\n<p>O Minist\u00e9rio da Sa\u00fade atualizou as informa\u00e7\u00f5es repassadas pelas secretarias estaduais de sa\u00fade sobre a situa\u00e7\u00e3o da febre amarela no pa\u00eds. At\u00e9 16\/02, foram confirmados 253 casos da doen\u00e7a. Ao todo, foram notificados 1.246 casos suspeitos, sendo que 885 permanecem em investiga\u00e7\u00e3o e 108 foram descartados.<\/p>\n<p>Dos 199 \u00f3bitos notificados, 88 foram confirmados para febre amarela, 108 ainda s\u00e3o investigados e tr\u00eas foram descartados. Os estados de Minas Gerais, Esp\u00edrito Santo e S\u00e3o Paulo confirmaram casos da doen\u00e7a. Bahia, Tocantins e Rio Grande do Norte continuam com casos em investiga\u00e7\u00e3o.<\/p>\n<p>Desde o in\u00edcio deste ano, o Minist\u00e9rio da Sa\u00fade enviou 12,7 milh\u00f5es de doses extras da vacina contra febre amarela aos estados que est\u00e3o registrando casos suspeitos da doen\u00e7a e \u00e0queles que fazem divisa com \u00e1reas que tenham notificado casos.<\/p>\n<p>Andreia Verd\u00e9lio \u2013 Rep\u00f3rter da Ag\u00eancia Brasil<br \/>\nEdi\u00e7\u00e3o: L\u00edlian Beraldo<br \/>\n20\/02\/2017<\/p>\n","protected":false},"excerpt":{"rendered":"<p>O Minist\u00e9rio da Sa\u00fade liberou R$ 13,8 milh\u00f5es para intensificar a vacina\u00e7\u00e3o contra febre amarela na popula\u00e7\u00e3o de cinco estados. A portaria estabelecendo o repasse foi publicada no Di\u00e1rio Oficial da Uni\u00e3o. Os estados contemplados s\u00e3o: Bahia, com R$ 394.206,95; Esp\u00edrito Santo, R$ 1.679.188,70; Minas Gerais, R$ 8.905.638,32; Rio de Janeiro, R$ 921.970,26; e S\u00e3o [&hellip;]<\/p>\n","protected":false},"author":2,"featured_media":34747,"comment_status":"open","ping_status":"closed","sticky":false,"template":"","format":"standard","meta":{"tdm_status":"","tdm_grid_status":"","footnotes":""},"categories":[22,5],"tags":[],"class_list":{"0":"post-107269","1":"post","2":"type-post","3":"status-publish","4":"format-standard","5":"has-post-thumbnail","7":"category-brasil","8":"category-saude-e-vida"},"_links":{"self":[{"href":"https:\/\/migracao.redenoticia.com.br\/noticia\/wp-json\/wp\/v2\/posts\/107269","targetHints":{"allow":["GET"]}}],"collection":[{"href":"https:\/\/migracao.redenoticia.com.br\/noticia\/wp-json\/wp\/v2\/posts"}],"about":[{"href":"https:\/\/migracao.redenoticia.com.br\/noticia\/wp-json\/wp\/v2\/types\/post"}],"author":[{"embeddable":true,"href":"https:\/\/migracao.redenoticia.com.br\/noticia\/wp-json\/wp\/v2\/users\/2"}],"replies":[{"embeddable":true,"href":"https:\/\/migracao.redenoticia.com.br\/noticia\/wp-json\/wp\/v2\/comments?post=107269"}],"version-history":[{"count":0,"href":"https:\/\/migracao.redenoticia.com.br\/noticia\/wp-json\/wp\/v2\/posts\/107269\/revisions"}],"wp:featuredmedia":[{"embeddable":true,"href":"https:\/\/migracao.redenoticia.com.br\/noticia\/wp-json\/wp\/v2\/media\/34747"}],"wp:attachment":[{"href":"https:\/\/migracao.redenoticia.com.br\/noticia\/wp-json\/wp\/v2\/media?parent=107269"}],"wp:term":[{"taxonomy":"category","embeddable":true,"href":"https:\/\/migracao.redenoticia.com.br\/noticia\/wp-json\/wp\/v2\/categories?post=107269"},{"taxonomy":"post_tag","embeddable":true,"href":"https:\/\/migracao.redenoticia.com.br\/noticia\/wp-json\/wp\/v2\/tags?post=107269"}],"curies":[{"name":"wp","href":"https:\/\/api.w.org\/{rel}","templated":true}]}}