{"id":107301,"date":"2017-02-21T23:16:32","date_gmt":"2017-02-22T02:16:32","guid":{"rendered":"http:\/\/www.redenoticia.com.br\/noticia\/?p=107301"},"modified":"2018-08-13T10:39:42","modified_gmt":"2018-08-13T13:39:42","slug":"bbb-17-votacao-em-manoel-emilly-e-vivian-movimenta-a-enquete","status":"publish","type":"post","link":"https:\/\/migracao.redenoticia.com.br\/noticia\/2017\/bbb-17-votacao-em-manoel-emilly-e-vivian-movimenta-a-enquete\/107301","title":{"rendered":"\u201cBBB\u201d 17: vota\u00e7\u00e3o em Manoel, Emilly e Vivian movimentou a enquete"},"content":{"rendered":"<p><a href=\"https:\/\/migracao.redenoticia.com.br\/noticia\/imagens\/bbb_enquete_votacao.jpg\"><img loading=\"lazy\" decoding=\"async\" class=\"alignleft size-medium wp-image-64479\" src=\"https:\/\/migracao.redenoticia.com.br\/noticia\/imagens\/bbb_enquete_votacao-187x187.jpg\" alt=\"bbb_enquete_votacao\" width=\"187\" height=\"187\" srcset=\"https:\/\/migracao.redenoticia.com.br\/noticia\/imagens\/bbb_enquete_votacao-187x187.jpg 187w, https:\/\/migracao.redenoticia.com.br\/noticia\/imagens\/bbb_enquete_votacao.jpg 300w, https:\/\/migracao.redenoticia.com.br\/noticia\/imagens\/bbb_enquete_votacao-150x150.jpg 150w, https:\/\/migracao.redenoticia.com.br\/noticia\/imagens\/bbb_enquete_votacao-110x110.jpg 110w, https:\/\/migracao.redenoticia.com.br\/noticia\/imagens\/bbb_enquete_votacao-50x50.jpg 50w\" sizes=\"auto, (max-width: 187px) 100vw, 187px\" \/><\/a><em><strong>\u201cBBB&#8221; 17 vota\u00e7\u00e3o enquete:<\/strong><\/em> em 21\/02, Manoel recebeu 57,45% dos votos v\u00e1lidos e foi eliminado do programa. O pared\u00e3o come\u00e7ou em 19\/02, quando o apresentador Tiago Leifert liberou Pedro e Daniel do Castigo do Monstro. Ele confirmou para o p\u00fablico o pr\u00eamio do ca\u00e7a tesouro, que aconteceu segunda-feira: a imunidade do Manoel na vota\u00e7\u00e3o da casa e a possibilidade de transfer\u00eancia da imunidade se ele ganhar o anjo. Tiago tamb\u00e9m explicou a composi\u00e7\u00e3o deste pared\u00e3o triplo: o brother nomeado pelo l\u00edder e os dois mais votados pela casa. Logo depois, Ieda usou o poder do Anjo e imunizou Elis. O L\u00edder Pedro indicou Manoel, que n\u00e3o pode passar a imunidade para Vivian. Vota\u00e7\u00e3o da casa: R\u00f4mulo, Elis, Ieda, Marinalva, Daniel e Vivian votaram na Emilly. Marcos, Ilmar e Emilly votaram na Vivian. Manoel votou no Marcos. Roberta votou no Ilmar. Logo depois, Leifert deu largada na vota\u00e7\u00e3o do segundo pared\u00e3o triplo desta edi\u00e7\u00e3o. A vota\u00e7\u00e3o aconteceu at\u00e9 o programa ao vivo da ter\u00e7a-feira, 21\/02. <\/p>\n<p><script type=\"text\/javascript\" charset=\"utf-8\" src=\"http:\/\/static.polldaddy.com\/p\/9669092.js\"><\/script><br \/>\n<noscript><a href=\"http:\/\/polldaddy.com\/poll\/9669092\/\">Quem deve sair do \u201cBBB\u201d 17?<\/a><\/noscript> <\/p>\n<p>Largada da Enquete: 20\/02 00h23<br \/>\nManoel 46,17% (1.657 votos); Emilly 34,52% (1.239 votos); Vivian 19,31% (693 votos). Total 3.589 votos.<\/p>\n<p>Posi\u00e7\u00e3o em 21\/02 00h10<br \/>\nManoel 52,53% (106.021 votos); Vivian 25,06% (50.568 votos); Emilly 22,41% (45.229 votos). Total 201.818 votos.<br \/>\nPosi\u00e7\u00e3o em 21\/02 17h45<br \/>\nManoel 53,57% (143.450 votos); Vivian 25,09% (67.183 votos); Emilly 21,34% (57.137 votos). Total 267.770 votos.<\/p>\n<p>A vota\u00e7\u00e3o oficial aconteceu no endere\u00e7o da Rede Globo<a href=\"http:\/\/gshow.globo.com\/realities\/bbb\/\"> \u201cBBB&#8221; 17.<\/a><\/p>\n<p>Fonte \u201cBBB&#8221; 17 \u2013 Vota\u00e7\u00e3o Enquete<\/p>\n<p>Not\u00edcias relacionadas:<br \/>\n<a href=\"https:\/\/migracao.redenoticia.com.br\/noticia\/2017\/diario-bbb17\/105212\">Di\u00e1rio \u201cBBB\u201d17<\/a><br \/>\n<a href=\"https:\/\/migracao.redenoticia.com.br\/noticia\/2017\/bbb-17-prova-do-anjo-e-castigo-do-monstro\/104953\">\u201cBBB\u201d17: \u201cBBB\u201d17: prova do anjo e castigo do monstro<\/a><br \/>\n<a href=\"https:\/\/migracao.redenoticia.com.br\/noticia\/2017\/bbb-17-prova-da-comida\/104955\">\u201cBBB\u201d17: prova da comida<\/a><br \/>\n&#8212;<br \/>\nConcorrentes que entraram na casa em 23 e 24\/01: os g\u00eameos Antonio e Manoel e Emilly e Mayla. Vivian Amorim, R\u00f4mulo Neves, Roberta Diniz, Pedro Falc\u00e3o, Mayara Rodrigues, Marinalva Almeida, Marcos Harter, Luiz Felipe, Ilmar Fonseca, Ieda, Gabriela Flor, Elis Nair e Daniel Fontes.<\/p>\n","protected":false},"excerpt":{"rendered":"<p>\u201cBBB&#8221; 17 vota\u00e7\u00e3o enquete: em 21\/02, Manoel recebeu 57,45% dos votos v\u00e1lidos e foi eliminado do programa. O pared\u00e3o come\u00e7ou em 19\/02, quando o apresentador Tiago Leifert liberou Pedro e Daniel do Castigo do Monstro. Ele confirmou para o p\u00fablico o pr\u00eamio do ca\u00e7a tesouro, que aconteceu segunda-feira: a imunidade do Manoel na vota\u00e7\u00e3o da [&hellip;]<\/p>\n","protected":false},"author":2,"featured_media":64479,"comment_status":"open","ping_status":"closed","sticky":false,"template":"","format":"standard","meta":{"tdm_status":"","tdm_grid_status":"","footnotes":""},"categories":[520,375,343],"tags":[],"class_list":{"0":"post-107301","1":"post","2":"type-post","3":"status-publish","4":"format-standard","5":"has-post-thumbnail","7":"category-big-brother-brasil","8":"category-rede-globo","9":"category-televisao"},"_links":{"self":[{"href":"https:\/\/migracao.redenoticia.com.br\/noticia\/wp-json\/wp\/v2\/posts\/107301","targetHints":{"allow":["GET"]}}],"collection":[{"href":"https:\/\/migracao.redenoticia.com.br\/noticia\/wp-json\/wp\/v2\/posts"}],"about":[{"href":"https:\/\/migracao.redenoticia.com.br\/noticia\/wp-json\/wp\/v2\/types\/post"}],"author":[{"embeddable":true,"href":"https:\/\/migracao.redenoticia.com.br\/noticia\/wp-json\/wp\/v2\/users\/2"}],"replies":[{"embeddable":true,"href":"https:\/\/migracao.redenoticia.com.br\/noticia\/wp-json\/wp\/v2\/comments?post=107301"}],"version-history":[{"count":0,"href":"https:\/\/migracao.redenoticia.com.br\/noticia\/wp-json\/wp\/v2\/posts\/107301\/revisions"}],"wp:featuredmedia":[{"embeddable":true,"href":"https:\/\/migracao.redenoticia.com.br\/noticia\/wp-json\/wp\/v2\/media\/64479"}],"wp:attachment":[{"href":"https:\/\/migracao.redenoticia.com.br\/noticia\/wp-json\/wp\/v2\/media?parent=107301"}],"wp:term":[{"taxonomy":"category","embeddable":true,"href":"https:\/\/migracao.redenoticia.com.br\/noticia\/wp-json\/wp\/v2\/categories?post=107301"},{"taxonomy":"post_tag","embeddable":true,"href":"https:\/\/migracao.redenoticia.com.br\/noticia\/wp-json\/wp\/v2\/tags?post=107301"}],"curies":[{"name":"wp","href":"https:\/\/api.w.org\/{rel}","templated":true}]}}