{"id":107332,"date":"2017-02-20T16:53:13","date_gmt":"2017-02-20T19:53:13","guid":{"rendered":"http:\/\/www.redenoticia.com.br\/noticia\/?p=107332"},"modified":"2017-02-20T16:56:32","modified_gmt":"2017-02-20T19:56:32","slug":"resumo-novela-carinha-de-anjo-2102-madre-superiora-chama-frida-e-dulce-para-conversar","status":"publish","type":"post","link":"https:\/\/migracao.redenoticia.com.br\/noticia\/2017\/resumo-novela-carinha-de-anjo-2102-madre-superiora-chama-frida-e-dulce-para-conversar\/107332","title":{"rendered":"Resumo novela \u201cCarinha de Anjo\u201d 21\/02: Madre autoriza a volta de Gustavo"},"content":{"rendered":"<p><img loading=\"lazy\" decoding=\"async\" class=\"alignleft size-thumbnail wp-image-99331\" src=\"https:\/\/migracao.redenoticia.com.br\/noticia\/imagens\/carinha_de_anjo_sbt_novela_resumo_capitulo-150x112.jpg\" alt=\"carinha_de_anjo_sbt_novela_resumo_capitulo\" width=\"150\" height=\"112\" srcset=\"https:\/\/migracao.redenoticia.com.br\/noticia\/imagens\/carinha_de_anjo_sbt_novela_resumo_capitulo-150x112.jpg 150w, https:\/\/migracao.redenoticia.com.br\/noticia\/imagens\/carinha_de_anjo_sbt_novela_resumo_capitulo-265x198.jpg 265w\" sizes=\"auto, (max-width: 150px) 100vw, 150px\" \/><strong><em>Resumo novela \u201cCarinha de Anjo\u201d 21\/02<\/em><\/strong>: no cap\u00edtulo 067(*) da novela \u201cCarinha de Anjo\u201d, ter\u00e7a-feira, 21 de fevereiro, B\u00e1rbara e Frida descobrem que Dulce Maria far\u00e1 uma festa do pijama. Frida decide na hora que far\u00e1 uma festa grandiosa com intuito de que ningu\u00e9m v\u00e1 na festa de Dulce Maria. Gustavo avisa Silvana que ir\u00e1 contratar uma secret\u00e1ria nova. Madre Superiora convoca Frida e Dulce Maria para averiguar por qual motivo as duas querem fazer uma festa no mesmo dia e para as mesmas pessoas. <\/p>\n<p>Haydee e Rosana brigam no meio da rua e s\u00e3o apartadas pelo delegado Peixoto. Madre Superiora autoriza que Gustavo volte a frequentar o col\u00e9gio. Irm\u00e3 Fabiana telefone escondida para Estef\u00e2nia e pede para que ela fale com Gustavo sobre sua prima, Veronica, para a vaga de secret\u00e1ria na Rey Caf\u00e9. Fl\u00e1vio diz para Nicole que est\u00e1 dando em cima de F\u00e1tima pensando nas economias da mulher. <\/p>\n<p>A equipe de TV vai at\u00e9 o col\u00e9gio para gravar uma entrevista com a regente do coral de freiras, Fabiana. Cec\u00edlia e Fabiana ficam preocupadas, pois Madre Superiora ainda n\u00e3o sabe de nada. O produtor (participa\u00e7\u00e3o especial de Felipe Ventura, o Felipinho do Teleton) diz para Cec\u00edlia e Fabiana que precisam fazer a grava\u00e7\u00e3o como surpresa para as demais freiras.<\/p>\n<p>(*) edi\u00e7\u00e3o do SBT, Novela \u201cCarinha de Anjo\u201d, sujeito a altera\u00e7\u00e3o de data e conte\u00fado.<\/p>\n<p>Carinha de Anjo \u00e9 uma telenovela brasileira produzida e exibida originalmente pelo SBT desde o dia 21 de novembro de 2016, substituindo o hor\u00e1rio anteriormente ocupado por C\u00famplices de um Resgate. A telenovela \u00e9 inspirada na mexicana Carita de \u00e1ngel, que, por sua vez, \u00e9 um remake de Mundo de juguete, ambas produzidas pela Televisa e que haviam sido baseadas na trama argentina escrita por Abel Santa Cruz, Pap\u00e1 coraz\u00f3n. Esta ser\u00e1 a segunda adapta\u00e7\u00e3o brasileira da obra original argentina, visto que a Rede Tupi apresentou em 1976 a sua primeira vers\u00e3o, chamada de Papai Cora\u00e7\u00e3o. A nova vers\u00e3o \u00e9 escrita por Leonor Corr\u00eaa, com supervis\u00e3o de \u00cdris Abravanel e dire\u00e7\u00e3o geral de Ricardo Mantoanelli. A trama conta com Lorena Queiroz, Bia Arantes, Carlo Porto, Priscila Sol, Dani Gondim, Karin Hils, Eliana Guttman e Lucero nos pap\u00e9is principais.<\/p>\n","protected":false},"excerpt":{"rendered":"<p>Resumo novela \u201cCarinha de Anjo\u201d 21\/02: no cap\u00edtulo 067(*) da novela \u201cCarinha de Anjo\u201d, ter\u00e7a-feira, 21 de fevereiro, B\u00e1rbara e Frida descobrem que Dulce Maria far\u00e1 uma festa do pijama. Frida decide na hora que far\u00e1 uma festa grandiosa com intuito de que ningu\u00e9m v\u00e1 na festa de Dulce Maria. Gustavo avisa Silvana que ir\u00e1 [&hellip;]<\/p>\n","protected":false},"author":4,"featured_media":99331,"comment_status":"open","ping_status":"closed","sticky":false,"template":"","format":"standard","meta":{"tdm_status":"","tdm_grid_status":"","footnotes":""},"categories":[452,379,372,343],"tags":[441],"class_list":{"0":"post-107332","1":"post","2":"type-post","3":"status-publish","4":"format-standard","5":"has-post-thumbnail","7":"category-carinha-de-anjo","8":"category-novelas","9":"category-sbt","10":"category-televisao","11":"tag-resumo-do-dia"},"_links":{"self":[{"href":"https:\/\/migracao.redenoticia.com.br\/noticia\/wp-json\/wp\/v2\/posts\/107332","targetHints":{"allow":["GET"]}}],"collection":[{"href":"https:\/\/migracao.redenoticia.com.br\/noticia\/wp-json\/wp\/v2\/posts"}],"about":[{"href":"https:\/\/migracao.redenoticia.com.br\/noticia\/wp-json\/wp\/v2\/types\/post"}],"author":[{"embeddable":true,"href":"https:\/\/migracao.redenoticia.com.br\/noticia\/wp-json\/wp\/v2\/users\/4"}],"replies":[{"embeddable":true,"href":"https:\/\/migracao.redenoticia.com.br\/noticia\/wp-json\/wp\/v2\/comments?post=107332"}],"version-history":[{"count":0,"href":"https:\/\/migracao.redenoticia.com.br\/noticia\/wp-json\/wp\/v2\/posts\/107332\/revisions"}],"wp:featuredmedia":[{"embeddable":true,"href":"https:\/\/migracao.redenoticia.com.br\/noticia\/wp-json\/wp\/v2\/media\/99331"}],"wp:attachment":[{"href":"https:\/\/migracao.redenoticia.com.br\/noticia\/wp-json\/wp\/v2\/media?parent=107332"}],"wp:term":[{"taxonomy":"category","embeddable":true,"href":"https:\/\/migracao.redenoticia.com.br\/noticia\/wp-json\/wp\/v2\/categories?post=107332"},{"taxonomy":"post_tag","embeddable":true,"href":"https:\/\/migracao.redenoticia.com.br\/noticia\/wp-json\/wp\/v2\/tags?post=107332"}],"curies":[{"name":"wp","href":"https:\/\/api.w.org\/{rel}","templated":true}]}}