{"id":107467,"date":"2017-02-22T00:48:40","date_gmt":"2017-02-22T03:48:40","guid":{"rendered":"http:\/\/www.redenoticia.com.br\/noticia\/?p=107467"},"modified":"2017-02-21T21:49:37","modified_gmt":"2017-02-22T00:49:37","slug":"auspin-abre-inscricoes-para-curso-de-inovacao-e-empreendedorismo","status":"publish","type":"post","link":"https:\/\/migracao.redenoticia.com.br\/noticia\/2017\/auspin-abre-inscricoes-para-curso-de-inovacao-e-empreendedorismo\/107467","title":{"rendered":"Auspin abre inscri\u00e7\u00f5es para curso de Inova\u00e7\u00e3o e Empreendedorismo"},"content":{"rendered":"<p> Ag\u00eancia FAPESP \u2013 A Ag\u00eancia USP de Inova\u00e7\u00e3o (Auspin) abriu inscri\u00e7\u00f5es para o <strong><em>curso Inova\u00e7\u00e3o e Empreendedorismo<\/em><\/strong> com o objetivo de incentivar a capacidade empreendedora dos alunos da Universidade de S\u00e3o Paulo (USP), tendo em vista a cria\u00e7\u00e3o de novas startups de sucesso. Ao longo do semestre os alunos realizar\u00e3o projetos que compreendem o ciclo completo de desenvolvimento de novos neg\u00f3cios, incluindo t\u00e9cnicas e ferramentas como design thinking e lean startup.<\/p>\n<p>O curso \u00e9 semipresencial, com cinco aulas e quatro encontros presenciais a serem realizados em S\u00e3o Paulo.<\/p>\n<p>Os interessados devem fazer a inscri\u00e7\u00e3o por meio de requerimento via Sistema J\u00fapiter Web no per\u00edodo de requerimento de matr\u00edcula entre os dias 24 de fevereiro e 10 de mar\u00e7o.<\/p>\n<p>Mais informa\u00e7\u00f5es sobre a disciplina podem ser obtidas em , pelo endere\u00e7o empreende.auspin@usp.br ou ainda na Secretaria de Gradua\u00e7\u00e3o do Instituto de F\u00edsica de S\u00e3o Carlos (IFSC) pelos telefones (16) 3373-9775\/ (16) 3373-8099.<\/p>\n<p>&#8212;<br \/>\n Disciplina 7600001 Inova\u00e7\u00e3o e Empreendedorismo<\/p>\n<p>Objetivo: Incentivar a capacidade empreendedora dos alunos tendo em vista a cria\u00e7\u00e3o de novas startups de sucesso. Para isto, ao longo do semestre os alunos\u00a0realizar\u00e3o projetos que compreendem o ciclo completo de desenvolvimento de\u00a0novos neg\u00f3cios, incluindo t\u00e9cnicas e ferramentas como design thinking e lean startup.<br \/>\nOptativa livre semipresencial com 5 encontros presenciais + 4 encontros presenciais em S\u00e3o Paulo.<\/p>\n","protected":false},"excerpt":{"rendered":"<p>Ag\u00eancia FAPESP \u2013 A Ag\u00eancia USP de Inova\u00e7\u00e3o (Auspin) abriu inscri\u00e7\u00f5es para o curso Inova\u00e7\u00e3o e Empreendedorismo com o objetivo de incentivar a capacidade empreendedora dos alunos da Universidade de S\u00e3o Paulo (USP), tendo em vista a cria\u00e7\u00e3o de novas startups de sucesso. Ao longo do semestre os alunos realizar\u00e3o projetos que compreendem o ciclo [&hellip;]<\/p>\n","protected":false},"author":2,"featured_media":36246,"comment_status":"open","ping_status":"closed","sticky":false,"template":"","format":"standard","meta":{"tdm_status":"","tdm_grid_status":"","footnotes":""},"categories":[22,351,370],"tags":[],"class_list":{"0":"post-107467","1":"post","2":"type-post","3":"status-publish","4":"format-standard","5":"has-post-thumbnail","7":"category-brasil","8":"category-cursos","9":"category-inscricao"},"_links":{"self":[{"href":"https:\/\/migracao.redenoticia.com.br\/noticia\/wp-json\/wp\/v2\/posts\/107467","targetHints":{"allow":["GET"]}}],"collection":[{"href":"https:\/\/migracao.redenoticia.com.br\/noticia\/wp-json\/wp\/v2\/posts"}],"about":[{"href":"https:\/\/migracao.redenoticia.com.br\/noticia\/wp-json\/wp\/v2\/types\/post"}],"author":[{"embeddable":true,"href":"https:\/\/migracao.redenoticia.com.br\/noticia\/wp-json\/wp\/v2\/users\/2"}],"replies":[{"embeddable":true,"href":"https:\/\/migracao.redenoticia.com.br\/noticia\/wp-json\/wp\/v2\/comments?post=107467"}],"version-history":[{"count":0,"href":"https:\/\/migracao.redenoticia.com.br\/noticia\/wp-json\/wp\/v2\/posts\/107467\/revisions"}],"wp:featuredmedia":[{"embeddable":true,"href":"https:\/\/migracao.redenoticia.com.br\/noticia\/wp-json\/wp\/v2\/media\/36246"}],"wp:attachment":[{"href":"https:\/\/migracao.redenoticia.com.br\/noticia\/wp-json\/wp\/v2\/media?parent=107467"}],"wp:term":[{"taxonomy":"category","embeddable":true,"href":"https:\/\/migracao.redenoticia.com.br\/noticia\/wp-json\/wp\/v2\/categories?post=107467"},{"taxonomy":"post_tag","embeddable":true,"href":"https:\/\/migracao.redenoticia.com.br\/noticia\/wp-json\/wp\/v2\/tags?post=107467"}],"curies":[{"name":"wp","href":"https:\/\/api.w.org\/{rel}","templated":true}]}}