{"id":107469,"date":"2017-02-22T00:49:43","date_gmt":"2017-02-22T03:49:43","guid":{"rendered":"http:\/\/www.redenoticia.com.br\/noticia\/?p=107469"},"modified":"2017-02-21T21:50:44","modified_gmt":"2017-02-22T00:50:44","slug":"doutorado-direto-em-biologia-molecular-com-bolsa-da-fapesp","status":"publish","type":"post","link":"https:\/\/migracao.redenoticia.com.br\/noticia\/2017\/doutorado-direto-em-biologia-molecular-com-bolsa-da-fapesp\/107469","title":{"rendered":"Doutorado Direto em Biologia Molecular com Bolsa da FAPESP"},"content":{"rendered":"<p> Ag\u00eancia FAPESP \u2013 A Faculdade de Ci\u00eancias M\u00e9dicas da Universidade Estadual de Campinas (Unicamp) oferece uma oportunidade de <strong><em>Doutorado Direto em Biologia Molecular<\/em><\/strong> com bolsa da FAPESP. Prazo de inscri\u00e7\u00e3o encerra em 1\u00ba de mar\u00e7o.<\/p>\n<p>A bolsa est\u00e1 vinculada ao Projeto Tem\u00e1tico \u201c\u201d.<\/p>\n<p>O programa de doutorado na \u00e1rea de retinopatia diab\u00e9tica prev\u00ea pesquisas com diversos modelos animais e experimentos in vitro com c\u00e9lulas de retina, por um per\u00edodo de quatro anos.<\/p>\n<p>Para mais informa\u00e7\u00f5es e inscri\u00e7\u00f5es consulte a pesquisadora Jacqueline M. Lopes de Faria no endere\u00e7o\u00a0lopesdefariajm@gmail.com.<\/p>\n<p>Para mais informa\u00e7\u00f5es sobre a Bolsa de Doutorado Direto acesse .<\/p>\n<p>&#8212;<br \/>\n Bolsa de Doutorado Direto &#8211; Destina-se a alunos regularmente matriculados em programas de p\u00f3s-gradua\u00e7\u00e3o stricto sensu de institui\u00e7\u00f5es P\u00fablicas ou privadas do Estado de S\u00e3o Paulo para o desenvolvimento de projeto de pesquisa que resulte em tese.<\/p>\n<p>Importante: A bolsa s\u00f3 ser\u00e1 concedida se o estudante for formalmente aceito e matriculado no curso de p\u00f3s-gradua\u00e7\u00e3o. A verifica\u00e7\u00e3o da regularidade da situa\u00e7\u00e3o de credenciamento do orientador \u00e9 considerada pela FAPESP como de responsabilidade da institui\u00e7\u00e3o.<\/p>\n","protected":false},"excerpt":{"rendered":"<p>Ag\u00eancia FAPESP \u2013 A Faculdade de Ci\u00eancias M\u00e9dicas da Universidade Estadual de Campinas (Unicamp) oferece uma oportunidade de Doutorado Direto em Biologia Molecular com bolsa da FAPESP. Prazo de inscri\u00e7\u00e3o encerra em 1\u00ba de mar\u00e7o. A bolsa est\u00e1 vinculada ao Projeto Tem\u00e1tico \u201c\u201d. O programa de doutorado na \u00e1rea de retinopatia diab\u00e9tica prev\u00ea pesquisas com [&hellip;]<\/p>\n","protected":false},"author":2,"featured_media":34767,"comment_status":"open","ping_status":"closed","sticky":false,"template":"","format":"standard","meta":{"tdm_status":"","tdm_grid_status":"","footnotes":""},"categories":[22,370,353],"tags":[],"class_list":{"0":"post-107469","1":"post","2":"type-post","3":"status-publish","4":"format-standard","5":"has-post-thumbnail","7":"category-brasil","8":"category-inscricao","9":"category-oportunidades"},"_links":{"self":[{"href":"https:\/\/migracao.redenoticia.com.br\/noticia\/wp-json\/wp\/v2\/posts\/107469","targetHints":{"allow":["GET"]}}],"collection":[{"href":"https:\/\/migracao.redenoticia.com.br\/noticia\/wp-json\/wp\/v2\/posts"}],"about":[{"href":"https:\/\/migracao.redenoticia.com.br\/noticia\/wp-json\/wp\/v2\/types\/post"}],"author":[{"embeddable":true,"href":"https:\/\/migracao.redenoticia.com.br\/noticia\/wp-json\/wp\/v2\/users\/2"}],"replies":[{"embeddable":true,"href":"https:\/\/migracao.redenoticia.com.br\/noticia\/wp-json\/wp\/v2\/comments?post=107469"}],"version-history":[{"count":0,"href":"https:\/\/migracao.redenoticia.com.br\/noticia\/wp-json\/wp\/v2\/posts\/107469\/revisions"}],"wp:featuredmedia":[{"embeddable":true,"href":"https:\/\/migracao.redenoticia.com.br\/noticia\/wp-json\/wp\/v2\/media\/34767"}],"wp:attachment":[{"href":"https:\/\/migracao.redenoticia.com.br\/noticia\/wp-json\/wp\/v2\/media?parent=107469"}],"wp:term":[{"taxonomy":"category","embeddable":true,"href":"https:\/\/migracao.redenoticia.com.br\/noticia\/wp-json\/wp\/v2\/categories?post=107469"},{"taxonomy":"post_tag","embeddable":true,"href":"https:\/\/migracao.redenoticia.com.br\/noticia\/wp-json\/wp\/v2\/tags?post=107469"}],"curies":[{"name":"wp","href":"https:\/\/api.w.org\/{rel}","templated":true}]}}