{"id":107471,"date":"2017-02-22T00:50:50","date_gmt":"2017-02-22T03:50:50","guid":{"rendered":"http:\/\/www.redenoticia.com.br\/noticia\/?p=107471"},"modified":"2017-02-21T22:01:56","modified_gmt":"2017-02-22T01:01:56","slug":"treinamento-tecnico-em-desenvolvimento-de-software-com-bolsa-da-fapesp","status":"publish","type":"post","link":"https:\/\/migracao.redenoticia.com.br\/noticia\/2017\/treinamento-tecnico-em-desenvolvimento-de-software-com-bolsa-da-fapesp\/107471","title":{"rendered":"Treinamento T\u00e9cnico em Desenvolvimento de Software com Bolsa da FAPESP"},"content":{"rendered":"<p> Ag\u00eancia FAPESP \u2013 A , empresa apoiada pela FAPESP no \u00e2mbito do Programa Pesquisa Inovativa em Pequenas Empresas (PIPE), oferece uma oportunidade de <strong><em>Treinamento T\u00e9cnico (TT-4) em Pesquisa e Desenvolvimento de Software<\/em><\/strong>. O prazo de inscri\u00e7\u00e3o encerra em 1\u00ba de mar\u00e7o.<\/p>\n<p>A bolsa est\u00e1 vinculada ao projeto \u201c\u201d.<\/p>\n<p>O bolsista participar\u00e1 do desenvolvimento de um sistema computacional para acesso remoto a informa\u00e7\u00f5es e banco de dados para armazenamento de dados, ambos com disponibilidade cont\u00ednua e, em alguns casos, com caracter\u00edsticas pr\u00f3ximas ao tempo real.<\/p>\n<p>Os interessados dever\u00e3o ter curso de gradua\u00e7\u00e3o e especializa\u00e7\u00e3o em Tecnologia da Informa\u00e7\u00e3o (TI), com pelo menos quatro anos de experi\u00eancia.<\/p>\n<p>As atividades que ser\u00e3o desenvolvidas pelo bolsista envolvem as seguintes tarefas e conhecimentos: desenvolvimento de software de alto n\u00edvel para aplica\u00e7\u00f5es mobile, internet e intera\u00e7\u00e3o com firmware, e aplica\u00e7\u00f5es com interface USB, ethernet, bluetooth e wi-fi.<\/p>\n<p>Os interessados devem enviar curr\u00edculo vitae para Lisane Valdo, pesquisador principal do projeto, no endere\u00e7o lvaldo@mac.com.<\/p>\n<p>A oportunidade est\u00e1 publicada em .<\/p>\n<p>Para mais informa\u00e7\u00f5es sobre as bolsas de Treinamento T\u00e9cnico acesse  e .<\/p>\n<p>Informa\u00e7\u00f5es sobre valores das bolsas TT est\u00e3o dispon\u00edveis no endere\u00e7o .<\/p>\n","protected":false},"excerpt":{"rendered":"<p>Ag\u00eancia FAPESP \u2013 A , empresa apoiada pela FAPESP no \u00e2mbito do Programa Pesquisa Inovativa em Pequenas Empresas (PIPE), oferece uma oportunidade de Treinamento T\u00e9cnico (TT-4) em Pesquisa e Desenvolvimento de Software. O prazo de inscri\u00e7\u00e3o encerra em 1\u00ba de mar\u00e7o. A bolsa est\u00e1 vinculada ao projeto \u201c\u201d. O bolsista participar\u00e1 do desenvolvimento de um [&hellip;]<\/p>\n","protected":false},"author":2,"featured_media":57576,"comment_status":"open","ping_status":"closed","sticky":false,"template":"","format":"standard","meta":{"tdm_status":"","tdm_grid_status":"","footnotes":""},"categories":[22,351,370],"tags":[],"class_list":{"0":"post-107471","1":"post","2":"type-post","3":"status-publish","4":"format-standard","5":"has-post-thumbnail","7":"category-brasil","8":"category-cursos","9":"category-inscricao"},"_links":{"self":[{"href":"https:\/\/migracao.redenoticia.com.br\/noticia\/wp-json\/wp\/v2\/posts\/107471","targetHints":{"allow":["GET"]}}],"collection":[{"href":"https:\/\/migracao.redenoticia.com.br\/noticia\/wp-json\/wp\/v2\/posts"}],"about":[{"href":"https:\/\/migracao.redenoticia.com.br\/noticia\/wp-json\/wp\/v2\/types\/post"}],"author":[{"embeddable":true,"href":"https:\/\/migracao.redenoticia.com.br\/noticia\/wp-json\/wp\/v2\/users\/2"}],"replies":[{"embeddable":true,"href":"https:\/\/migracao.redenoticia.com.br\/noticia\/wp-json\/wp\/v2\/comments?post=107471"}],"version-history":[{"count":0,"href":"https:\/\/migracao.redenoticia.com.br\/noticia\/wp-json\/wp\/v2\/posts\/107471\/revisions"}],"wp:featuredmedia":[{"embeddable":true,"href":"https:\/\/migracao.redenoticia.com.br\/noticia\/wp-json\/wp\/v2\/media\/57576"}],"wp:attachment":[{"href":"https:\/\/migracao.redenoticia.com.br\/noticia\/wp-json\/wp\/v2\/media?parent=107471"}],"wp:term":[{"taxonomy":"category","embeddable":true,"href":"https:\/\/migracao.redenoticia.com.br\/noticia\/wp-json\/wp\/v2\/categories?post=107471"},{"taxonomy":"post_tag","embeddable":true,"href":"https:\/\/migracao.redenoticia.com.br\/noticia\/wp-json\/wp\/v2\/tags?post=107471"}],"curies":[{"name":"wp","href":"https:\/\/api.w.org\/{rel}","templated":true}]}}