{"id":107475,"date":"2017-02-22T00:54:41","date_gmt":"2017-02-22T03:54:41","guid":{"rendered":"http:\/\/www.redenoticia.com.br\/noticia\/?p=107475"},"modified":"2017-02-21T21:55:41","modified_gmt":"2017-02-22T00:55:41","slug":"cinco-cursos-on-lines-gratuitos-para-fazer-durante-o-carnaval","status":"publish","type":"post","link":"https:\/\/migracao.redenoticia.com.br\/noticia\/2017\/cinco-cursos-on-lines-gratuitos-para-fazer-durante-o-carnaval\/107475","title":{"rendered":"Cinco cursos on-lines gratuitos para fazer durante o Carnaval"},"content":{"rendered":"<p> Quem vai passar o Carnaval em casa e\u00a0n\u00e3o est\u00e1 a fim de curtir a folia durante o feriado, pode aproveitar o tempo para estudar. As institui\u00e7\u00f5es estaduais contam com diversos tipos de <strong><em>cursos on-line gratuitos<\/em><\/strong>, desde como montar um curr\u00edculo at\u00e9 Hist\u00f3ria da Arte.<\/p>\n<p>Quem n\u00e3o tem acesso \u00e0 Internet e deseja conhecer os cursos, pode utilizar um dos  em funcionamento no Estado. Os atendimentos s\u00e3o gratuitos e o tempo de acesso varia de 30 a 60 minutos, podendo ser renovado de acordo com a procura.<\/p>\n<p>Confira cinco cursos para fazer durante o Carnaval:<\/p>\n<p>Procurando emprego? Como montar um curr\u00edculo e se dar bem em entrevista<br \/>\nO minicurso on-line \u00a0do programa\u00a0Acessa SP conta com informa\u00e7\u00f5es pr\u00e1ticas e de f\u00e1cil entendimento. A ferramenta mostra os passos para preparar seu resumo profissional, al\u00e9m de orienta\u00e7\u00e3o para os candidatos enfrentarem din\u00e2micas de grupo e entrevistas de emprego. .<\/p>\n<p>Quer ter uma horta? Minicurso do AcessaSP ensina a cultivar em casa<br \/>\nPara quem mora em grandes cidades, cultivar uma horta pode parecer uma tarefa dif\u00edcil. Para mostrar que \u00e9 poss\u00edvel, o Acessa SP, programa de inclus\u00e3o digital do Governo do Estado, conta com o minicurso on-line gratuito de . .<\/p>\n<p>Quer aprender sobre edi\u00e7\u00e3o de imagens? Conhe\u00e7a o Curso de Autocad do Centro Paula Souza<br \/>\nQuem tem interesse em aprimorar os conhecimentos na \u00e1rea de gest\u00e3o de pessoas, edi\u00e7\u00e3o de imagens ou projetos pode participar dos cursos \u00e0 dist\u00e2ncia oferecidos pelo Centro Paula Souza. Basta acessar a plataforma Mooc e se inscrever nos cursos livres da entidade. .<\/p>\n<p>Precisa organizar a vida financeira? Curso de controle das finan\u00e7as pessoais<br \/>\nEconomizar e fazer o dinheiro render mais pode parecer uma tarefa imposs\u00edvel para algumas pessoas. Para mostrar que \u00e9 poss\u00edvel, o Acessa SP, programa de inclus\u00e3o digital do Governo, conta com o minicurso on-line gratuito de . .<\/p>\n<p>Quer mais cultura? Curso de Hist\u00f3ria da Arte da Pinacoteca do Estado<br \/>\nO curso conta com tr\u00eas aulas de Transforma\u00e7\u00e3o na Pr\u00e1tica Art\u00edstica e s\u00e3o divididas entre O retrato do artista em seu ateli\u00ea, Ateli\u00eas expandidos no Brasil e O artista e a cidade. .<\/p>\n<p>Do Portal do Governo SP<\/p>\n","protected":false},"excerpt":{"rendered":"<p>Quem vai passar o Carnaval em casa e\u00a0n\u00e3o est\u00e1 a fim de curtir a folia durante o feriado, pode aproveitar o tempo para estudar. As institui\u00e7\u00f5es estaduais contam com diversos tipos de cursos on-line gratuitos, desde como montar um curr\u00edculo at\u00e9 Hist\u00f3ria da Arte. Quem n\u00e3o tem acesso \u00e0 Internet e deseja conhecer os cursos, [&hellip;]<\/p>\n","protected":false},"author":2,"featured_media":57577,"comment_status":"open","ping_status":"closed","sticky":false,"template":"","format":"standard","meta":{"tdm_status":"","tdm_grid_status":"","footnotes":""},"categories":[22,351,370],"tags":[],"class_list":{"0":"post-107475","1":"post","2":"type-post","3":"status-publish","4":"format-standard","5":"has-post-thumbnail","7":"category-brasil","8":"category-cursos","9":"category-inscricao"},"_links":{"self":[{"href":"https:\/\/migracao.redenoticia.com.br\/noticia\/wp-json\/wp\/v2\/posts\/107475","targetHints":{"allow":["GET"]}}],"collection":[{"href":"https:\/\/migracao.redenoticia.com.br\/noticia\/wp-json\/wp\/v2\/posts"}],"about":[{"href":"https:\/\/migracao.redenoticia.com.br\/noticia\/wp-json\/wp\/v2\/types\/post"}],"author":[{"embeddable":true,"href":"https:\/\/migracao.redenoticia.com.br\/noticia\/wp-json\/wp\/v2\/users\/2"}],"replies":[{"embeddable":true,"href":"https:\/\/migracao.redenoticia.com.br\/noticia\/wp-json\/wp\/v2\/comments?post=107475"}],"version-history":[{"count":0,"href":"https:\/\/migracao.redenoticia.com.br\/noticia\/wp-json\/wp\/v2\/posts\/107475\/revisions"}],"wp:featuredmedia":[{"embeddable":true,"href":"https:\/\/migracao.redenoticia.com.br\/noticia\/wp-json\/wp\/v2\/media\/57577"}],"wp:attachment":[{"href":"https:\/\/migracao.redenoticia.com.br\/noticia\/wp-json\/wp\/v2\/media?parent=107475"}],"wp:term":[{"taxonomy":"category","embeddable":true,"href":"https:\/\/migracao.redenoticia.com.br\/noticia\/wp-json\/wp\/v2\/categories?post=107475"},{"taxonomy":"post_tag","embeddable":true,"href":"https:\/\/migracao.redenoticia.com.br\/noticia\/wp-json\/wp\/v2\/tags?post=107475"}],"curies":[{"name":"wp","href":"https:\/\/api.w.org\/{rel}","templated":true}]}}