{"id":107477,"date":"2017-02-22T00:52:47","date_gmt":"2017-02-22T03:52:47","guid":{"rendered":"http:\/\/www.redenoticia.com.br\/noticia\/?p=107477"},"modified":"2017-02-21T22:00:58","modified_gmt":"2017-02-22T01:00:58","slug":"projeto-guri-de-santos-esta-com-inscricoes-abertas-ate-3-de-marco","status":"publish","type":"post","link":"https:\/\/migracao.redenoticia.com.br\/noticia\/2017\/projeto-guri-de-santos-esta-com-inscricoes-abertas-ate-3-de-marco\/107477","title":{"rendered":"Projeto Guri de Santos est\u00e1 com inscri\u00e7\u00f5es abertas at\u00e9 3 de mar\u00e7o"},"content":{"rendered":"<p> Com o intuito de levar m\u00fasica e cultura \u00e0s crian\u00e7as carentes, o <strong><em>projeto Guri<\/em><\/strong> est\u00e1 com inscri\u00e7\u00f5es abertas para novas turmas at\u00e9 dia 3 de mar\u00e7o para o polo regional de Santos. At\u00e9 alguns anos atr\u00e1s, este polo funcionou na Cadeia Velha de Santos e agora est\u00e1 de volta ao local de origem, com matr\u00edculas abertas para as aulas de inicia\u00e7\u00e3o musical, contrabaixo, coral juvenil, percuss\u00e3o, viola, viol\u00e3o, violino e violoncelo. Novos alunos t\u00eam at\u00e9 o dia 3 de mar\u00e7o para realizar a inscri\u00e7\u00e3o.<\/p>\n<p>Para participar \u00e9 preciso ter de 6 a 18 anos de idade incompletos e comparecer no Teatro Guarany (Pra\u00e7a dos Andradas, 100, Centro \u2013 Santos\/SP), acompanhado pelo respons\u00e1vel e portando documentos (veja a lista a seguir).<\/p>\n<p>N\u00e3o \u00e9 preciso ter conhecimento pr\u00e9vio de m\u00fasica, nem possuir instrumento ou realizar testes seletivos. O in\u00edcio das aulas est\u00e1 previsto para o dia 6 de mar\u00e7o.<\/p>\n<p>Lista de documentos<br \/>\n\u2013 Certid\u00e3o de Nascimento ou RG do aluno (original e c\u00f3pia);<br \/>\n\u2013 Comprovante de matr\u00edcula escolar e\/ou declara\u00e7\u00e3o de frequ\u00eancia escolar;<br \/>\n\u2013 RG do respons\u00e1vel (original e c\u00f3pia);<br \/>\n\u2013 Apresenta\u00e7\u00e3o do comprovante de endere\u00e7o para consulta.<\/p>\n<p>Para mais informa\u00e7\u00f5es, acesse\u00a0.<\/p>\n<p>SERVI\u00c7O<br \/>\nProjeto Guri \u2013\u00a0Polo Regional Santos<br \/>\nTeatro Guarany \u2013 P\u00e7a. dos Andradas, 100, Centro, Santos\/SP<br \/>\nTel.: (13) 3219-3828<br \/>\nVagas: 250<br \/>\nSegundas \u00e0s sextas-feiras, das 8h \u00e0s 12h e das 13h \u00e0s 17h<\/p>\n<p>Do Portal do Governo SP<\/p>\n","protected":false},"excerpt":{"rendered":"<p>Com o intuito de levar m\u00fasica e cultura \u00e0s crian\u00e7as carentes, o projeto Guri est\u00e1 com inscri\u00e7\u00f5es abertas para novas turmas at\u00e9 dia 3 de mar\u00e7o para o polo regional de Santos. At\u00e9 alguns anos atr\u00e1s, este polo funcionou na Cadeia Velha de Santos e agora est\u00e1 de volta ao local de origem, com matr\u00edculas [&hellip;]<\/p>\n","protected":false},"author":2,"featured_media":28951,"comment_status":"open","ping_status":"closed","sticky":false,"template":"","format":"standard","meta":{"tdm_status":"","tdm_grid_status":"","footnotes":""},"categories":[22,351,370],"tags":[],"class_list":{"0":"post-107477","1":"post","2":"type-post","3":"status-publish","4":"format-standard","5":"has-post-thumbnail","7":"category-brasil","8":"category-cursos","9":"category-inscricao"},"_links":{"self":[{"href":"https:\/\/migracao.redenoticia.com.br\/noticia\/wp-json\/wp\/v2\/posts\/107477","targetHints":{"allow":["GET"]}}],"collection":[{"href":"https:\/\/migracao.redenoticia.com.br\/noticia\/wp-json\/wp\/v2\/posts"}],"about":[{"href":"https:\/\/migracao.redenoticia.com.br\/noticia\/wp-json\/wp\/v2\/types\/post"}],"author":[{"embeddable":true,"href":"https:\/\/migracao.redenoticia.com.br\/noticia\/wp-json\/wp\/v2\/users\/2"}],"replies":[{"embeddable":true,"href":"https:\/\/migracao.redenoticia.com.br\/noticia\/wp-json\/wp\/v2\/comments?post=107477"}],"version-history":[{"count":0,"href":"https:\/\/migracao.redenoticia.com.br\/noticia\/wp-json\/wp\/v2\/posts\/107477\/revisions"}],"wp:featuredmedia":[{"embeddable":true,"href":"https:\/\/migracao.redenoticia.com.br\/noticia\/wp-json\/wp\/v2\/media\/28951"}],"wp:attachment":[{"href":"https:\/\/migracao.redenoticia.com.br\/noticia\/wp-json\/wp\/v2\/media?parent=107477"}],"wp:term":[{"taxonomy":"category","embeddable":true,"href":"https:\/\/migracao.redenoticia.com.br\/noticia\/wp-json\/wp\/v2\/categories?post=107477"},{"taxonomy":"post_tag","embeddable":true,"href":"https:\/\/migracao.redenoticia.com.br\/noticia\/wp-json\/wp\/v2\/tags?post=107477"}],"curies":[{"name":"wp","href":"https:\/\/api.w.org\/{rel}","templated":true}]}}