{"id":107479,"date":"2017-02-22T00:56:52","date_gmt":"2017-02-22T03:56:52","guid":{"rendered":"http:\/\/www.redenoticia.com.br\/noticia\/?p=107479"},"modified":"2017-02-21T21:58:01","modified_gmt":"2017-02-22T00:58:01","slug":"luta-contra-a-dengue-e-outras-arboviroses-avanca-em-sp","status":"publish","type":"post","link":"https:\/\/migracao.redenoticia.com.br\/noticia\/2017\/luta-contra-a-dengue-e-outras-arboviroses-avanca-em-sp\/107479","title":{"rendered":"Luta contra a dengue e outras arboviroses avan\u00e7a em SP"},"content":{"rendered":"<p> S\u00e3o Paulo vem vencendo a batalha contra o Aedes aegypti com a redu\u00e7\u00e3o dos focos do mosquito \u00a0e queda significativa no n\u00famero de casos de <strong><em>dengue, chikungunya e zika<\/em><\/strong>. Os dados mais expressivos, segundo a Secretaria de Estado da Sa\u00fade, est\u00e3o relacionados \u00e0 dengue. Em 2016, o n\u00famero de casos da doen\u00e7a foi reduzido em 76% e o n\u00famero de \u00f3bitos apresentou queda de 80%. Em 2015, foram registrados 684.830 casos contra 162.043, em 2016. J\u00e1 o n\u00famero de \u00f3bitos caiu de 488 para 97, no mesmo intervalo de um ano.<\/p>\n<p>Em 2017, at\u00e9 o momento foram confirmados 47 casos de dengue e uma morte em decorr\u00eancia da doen\u00e7a. O n\u00famero \u00e9 bem inferior ao registrado no mesmo per\u00edodo de 2016, quando ocorreram 49.948 casos e confirmadas 44 mortes.<\/p>\n<p>Mesmo com os resultados positivos, a luta contra os focos do mosquito transmissor das chamadas arboviroses deve prosseguir com intensidade, defende o coordena\u00e7\u00e3o da campanha \u201cTodos Juntos contra o Aedes aegypti\u201d, que ganhou a ades\u00e3o de prefeituras e da sociedade civil, mas que precisa do apoio de mais institui\u00e7\u00f5es.<\/p>\n<p> que vem sendo renovado a cada trimestre, estipula a composi\u00e7\u00e3o de brigadas, que s\u00e3o grupos de trabalho formados em \u00f3rg\u00e3os da administra\u00e7\u00e3o p\u00fablica direta e indireta do Estado e funda\u00e7\u00f5es, compostas por no m\u00ednimo tr\u00eas pessoas, nas representa\u00e7\u00f5es p\u00fablicas existentes nos munic\u00edpios. Essas brigadas est\u00e3o encarregadas de a\u00e7\u00f5es de vistoria para detectar poss\u00edveis focos do mosquito, que acontecem todos os\u00a0s\u00e1bados, al\u00e9m de divulgar esclarecimentos sobre a campanha.<\/p>\n<p>Mobiliza\u00e7\u00e3o continua<br \/>\nEm nota de esclarecimento, a Sala de Situa\u00e7\u00e3o da campanha, composta por secretarias, \u00f3rg\u00e3os \u00a0e empresas p\u00fablicas, entre as quais a Secretaria da Sa\u00fade e a Coordenadoria da Defesa Civil, refor\u00e7a a import\u00e2ncia da estrat\u00e9gia adotada de ampliar a cobertura de visitas domiciliares e a amplia\u00e7\u00e3o da mobiliza\u00e7\u00e3o.<\/p>\n<p>Segundo a Secretaria de Estado da Sa\u00fade, foram vistoriados mais de 42 milh\u00f5es de im\u00f3veis, no per\u00edodo de janeiro a dezembro de 2016, para elimina\u00e7\u00e3o de focos de mosquito, e 744,9 mil im\u00f3veis, somente no m\u00eas de janeiro deste ano.<\/p>\n<p>A nota ressalta que as a\u00e7\u00f5es da campanha t\u00eam apresentado resultados positivos \u00a0\u201cna diminui\u00e7\u00e3o da infesta\u00e7\u00e3o de Aedes e na consequente diminui\u00e7\u00e3o dos casos de dengue, chikungunya e zika\u201d. Ainda assim , a incid\u00eancia de chuvas, caracter\u00edsticas do ver\u00e3o e o maior deslocamento da popula\u00e7\u00e3o na temporada de f\u00e9rias, refor\u00e7am a necessidade de manter a aten\u00e7\u00e3o sobre os focos do mosquito e de manter a mobiliza\u00e7\u00e3o.<\/p>\n<p>A nota tranquiliza a popula\u00e7\u00e3o ao afirmar que a sa\u00fade p\u00fablica est\u00e1 alerta aos sinais da febre amarela e a ocorr\u00eancia de casos e \u00f3bitos entre a popula\u00e7\u00e3o, Como o Aedes aegypti foi o principal vetor de transmiss\u00e3o da doen\u00e7a na epidemia ocorrida na d\u00e9cada de 1940, \u00e9 preciso continuar os esfor\u00e7os de mobiliza\u00e7\u00e3o na campanha contra o mosquito.<\/p>\n<p>Do Portal do Governo SP<\/p>\n","protected":false},"excerpt":{"rendered":"<p>S\u00e3o Paulo vem vencendo a batalha contra o Aedes aegypti com a redu\u00e7\u00e3o dos focos do mosquito \u00a0e queda significativa no n\u00famero de casos de dengue, chikungunya e zika. Os dados mais expressivos, segundo a Secretaria de Estado da Sa\u00fade, est\u00e3o relacionados \u00e0 dengue. Em 2016, o n\u00famero de casos da doen\u00e7a foi reduzido em [&hellip;]<\/p>\n","protected":false},"author":2,"featured_media":40847,"comment_status":"open","ping_status":"closed","sticky":false,"template":"","format":"standard","meta":{"tdm_status":"","tdm_grid_status":"","footnotes":""},"categories":[22,5],"tags":[],"class_list":{"0":"post-107479","1":"post","2":"type-post","3":"status-publish","4":"format-standard","5":"has-post-thumbnail","7":"category-brasil","8":"category-saude-e-vida"},"_links":{"self":[{"href":"https:\/\/migracao.redenoticia.com.br\/noticia\/wp-json\/wp\/v2\/posts\/107479","targetHints":{"allow":["GET"]}}],"collection":[{"href":"https:\/\/migracao.redenoticia.com.br\/noticia\/wp-json\/wp\/v2\/posts"}],"about":[{"href":"https:\/\/migracao.redenoticia.com.br\/noticia\/wp-json\/wp\/v2\/types\/post"}],"author":[{"embeddable":true,"href":"https:\/\/migracao.redenoticia.com.br\/noticia\/wp-json\/wp\/v2\/users\/2"}],"replies":[{"embeddable":true,"href":"https:\/\/migracao.redenoticia.com.br\/noticia\/wp-json\/wp\/v2\/comments?post=107479"}],"version-history":[{"count":0,"href":"https:\/\/migracao.redenoticia.com.br\/noticia\/wp-json\/wp\/v2\/posts\/107479\/revisions"}],"wp:featuredmedia":[{"embeddable":true,"href":"https:\/\/migracao.redenoticia.com.br\/noticia\/wp-json\/wp\/v2\/media\/40847"}],"wp:attachment":[{"href":"https:\/\/migracao.redenoticia.com.br\/noticia\/wp-json\/wp\/v2\/media?parent=107479"}],"wp:term":[{"taxonomy":"category","embeddable":true,"href":"https:\/\/migracao.redenoticia.com.br\/noticia\/wp-json\/wp\/v2\/categories?post=107479"},{"taxonomy":"post_tag","embeddable":true,"href":"https:\/\/migracao.redenoticia.com.br\/noticia\/wp-json\/wp\/v2\/tags?post=107479"}],"curies":[{"name":"wp","href":"https:\/\/api.w.org\/{rel}","templated":true}]}}