{"id":107512,"date":"2017-02-23T01:01:21","date_gmt":"2017-02-23T04:01:21","guid":{"rendered":"http:\/\/www.redenoticia.com.br\/noticia\/?p=107512"},"modified":"2017-02-22T13:35:44","modified_gmt":"2017-02-22T16:35:44","slug":"pos-doutorado-em-nutricao-na-usp-com-bolsa-da-fapesp","status":"publish","type":"post","link":"https:\/\/migracao.redenoticia.com.br\/noticia\/2017\/pos-doutorado-em-nutricao-na-usp-com-bolsa-da-fapesp\/107512","title":{"rendered":"P\u00f3s-Doutorado em Nutri\u00e7\u00e3o na USP com Bolsa da FAPESP"},"content":{"rendered":"<p> Ag\u00eancia FAPESP \u2013 A Faculdade de Sa\u00fade P\u00fablica da Universidade de S\u00e3o Paulo (USP) oferece uma oportunidade de <strong><em>P\u00f3s-Doutorado em Nutri\u00e7\u00e3o<\/em><\/strong> com Bolsa da FAPESP. O prazo de inscri\u00e7\u00e3o encerra em 2 de mar\u00e7o. A bolsa est\u00e1 vinculada ao Projeto Tem\u00e1tico &#8220;&#8221;, implementado no Departamento de Nutri\u00e7\u00e3o da Faculdade de Sa\u00fade P\u00fablica.<\/p>\n<p>O bolsista ir\u00e1 trabalhar em estudo que visa investigar, em mulheres eutr\u00f3ficas e obesas e respectivos conceptos, marcadores sangu\u00edneos inflamat\u00f3rios\/imunol\u00f3gicos na gesta\u00e7\u00e3o e no cord\u00e3o umbilical.<\/p>\n<p>Os candidatos devem ter s\u00f3lida forma\u00e7\u00e3o em Nutri\u00e7\u00e3o e Imunologia e envolvimento com Sa\u00fade P\u00fablica. Os interessados dever\u00e3o enviar carta manifestando as suas motiva\u00e7\u00f5es e experi\u00eancia profissional; duas cartas de indica\u00e7\u00e3o; curriculum vitae atualizado para a pesquisadora respons\u00e1vel pelo Projeto Tem\u00e1tico, Patr\u00edcia Helen de Carvalho Rond\u00f3, no endere\u00e7o phcrondo@usp.br.<\/p>\n<p>A oportunidade est\u00e1 publicada em .<\/p>\n<p>O selecionado receber\u00e1 bolsa de P\u00f3s-Doutorado da FAPESP no valor de R$ 6.819,30 mensais e Reserva T\u00e9cnica. A Reserva T\u00e9cnica da bolsa de PD equivale a 15% do valor anual da bolsa e tem o objetivo de atender a despesas imprevistas e diretamente relacionadas \u00e0 atividade de pesquisa.<\/p>\n<p>Caso o bolsista resida em domic\u00edlio diferente e precise se mudar para a cidade onde se localiza a institui\u00e7\u00e3o-sede da pesquisa, poder\u00e1 ter direito a um Aux\u00edlio-Instala\u00e7\u00e3o.<\/p>\n<p>Mais informa\u00e7\u00f5es sobre a bolsa de P\u00f3s-Doutorado da FAPESP est\u00e3o dispon\u00edveis em .<\/p>\n<p>Outras vagas de bolsas de P\u00f3s-Doutorado, em diversas \u00e1reas do conhecimento, est\u00e3o no site .<\/p>\n","protected":false},"excerpt":{"rendered":"<p>Ag\u00eancia FAPESP \u2013 A Faculdade de Sa\u00fade P\u00fablica da Universidade de S\u00e3o Paulo (USP) oferece uma oportunidade de P\u00f3s-Doutorado em Nutri\u00e7\u00e3o com Bolsa da FAPESP. O prazo de inscri\u00e7\u00e3o encerra em 2 de mar\u00e7o. A bolsa est\u00e1 vinculada ao Projeto Tem\u00e1tico &#8220;&#8221;, implementado no Departamento de Nutri\u00e7\u00e3o da Faculdade de Sa\u00fade P\u00fablica. O bolsista ir\u00e1 [&hellip;]<\/p>\n","protected":false},"author":2,"featured_media":36215,"comment_status":"open","ping_status":"closed","sticky":false,"template":"","format":"standard","meta":{"tdm_status":"","tdm_grid_status":"","footnotes":""},"categories":[22,351,370],"tags":[],"class_list":{"0":"post-107512","1":"post","2":"type-post","3":"status-publish","4":"format-standard","5":"has-post-thumbnail","7":"category-brasil","8":"category-cursos","9":"category-inscricao"},"_links":{"self":[{"href":"https:\/\/migracao.redenoticia.com.br\/noticia\/wp-json\/wp\/v2\/posts\/107512","targetHints":{"allow":["GET"]}}],"collection":[{"href":"https:\/\/migracao.redenoticia.com.br\/noticia\/wp-json\/wp\/v2\/posts"}],"about":[{"href":"https:\/\/migracao.redenoticia.com.br\/noticia\/wp-json\/wp\/v2\/types\/post"}],"author":[{"embeddable":true,"href":"https:\/\/migracao.redenoticia.com.br\/noticia\/wp-json\/wp\/v2\/users\/2"}],"replies":[{"embeddable":true,"href":"https:\/\/migracao.redenoticia.com.br\/noticia\/wp-json\/wp\/v2\/comments?post=107512"}],"version-history":[{"count":0,"href":"https:\/\/migracao.redenoticia.com.br\/noticia\/wp-json\/wp\/v2\/posts\/107512\/revisions"}],"wp:featuredmedia":[{"embeddable":true,"href":"https:\/\/migracao.redenoticia.com.br\/noticia\/wp-json\/wp\/v2\/media\/36215"}],"wp:attachment":[{"href":"https:\/\/migracao.redenoticia.com.br\/noticia\/wp-json\/wp\/v2\/media?parent=107512"}],"wp:term":[{"taxonomy":"category","embeddable":true,"href":"https:\/\/migracao.redenoticia.com.br\/noticia\/wp-json\/wp\/v2\/categories?post=107512"},{"taxonomy":"post_tag","embeddable":true,"href":"https:\/\/migracao.redenoticia.com.br\/noticia\/wp-json\/wp\/v2\/tags?post=107512"}],"curies":[{"name":"wp","href":"https:\/\/api.w.org\/{rel}","templated":true}]}}