{"id":107525,"date":"2017-02-22T16:16:50","date_gmt":"2017-02-22T19:16:50","guid":{"rendered":"http:\/\/www.redenoticia.com.br\/noticia\/?p=107525"},"modified":"2017-02-22T15:03:22","modified_gmt":"2017-02-22T18:03:22","slug":"resumo-novela-carinha-de-anjo-2302-dulce-maria-faz-concurso-de-canto","status":"publish","type":"post","link":"https:\/\/migracao.redenoticia.com.br\/noticia\/2017\/resumo-novela-carinha-de-anjo-2302-dulce-maria-faz-concurso-de-canto\/107525","title":{"rendered":"Resumo novela \u201cCarinha de Anjo\u201d 23\/02: Dulce Maria faz concurso de canto"},"content":{"rendered":"<p><img loading=\"lazy\" decoding=\"async\" class=\"alignleft size-thumbnail wp-image-99331\" src=\"https:\/\/migracao.redenoticia.com.br\/noticia\/imagens\/carinha_de_anjo_sbt_novela_resumo_capitulo-150x112.jpg\" alt=\"carinha_de_anjo_sbt_novela_resumo_capitulo\" width=\"150\" height=\"112\" srcset=\"https:\/\/migracao.redenoticia.com.br\/noticia\/imagens\/carinha_de_anjo_sbt_novela_resumo_capitulo-150x112.jpg 150w, https:\/\/migracao.redenoticia.com.br\/noticia\/imagens\/carinha_de_anjo_sbt_novela_resumo_capitulo-265x198.jpg 265w\" sizes=\"auto, (max-width: 150px) 100vw, 150px\" \/><strong><em>Resumo novela \u201cCarinha de Anjo\u201d 23\/02<\/em><\/strong>: no cap\u00edtulo 069(*) da novela \u201cCarinha de Anjo\u201d, quinta-feira, 23 de fevereiro. Gustavo recebe Nicole para jantar com ele em casa. Dulce Maria quer que Cec\u00edlia participe de sua festa, mas a novi\u00e7a n\u00e3o pode. Lucia fica triste pois seus pais n\u00e3o deixam ela ir na festa de Dulce. Nicole diz para Gustavo que pode preparar tudo para a festa de Dulce e o deixa encantado. Dulce diz para Fabiana e Cec\u00edlia que far\u00e1 um concurso, ou seja, quem cantar melhor poder\u00e1 ir em sua festa. Estefania conta para Vitor sobre o convite que recebeu de sua amiga para desenhar uma cole\u00e7\u00e3o de roupa em Londres. V\u00edtor diz que apoiar\u00e1 ela, independentemente de sua decis\u00e3o. As meninas cantam para tentar a vaga para a festa de Dulce, por\u00e9m Frida \u00e9 quem canta de forma mais afinada e ganha a vaga. Veronica (Elisa Brites), prima de Fabiana, chega em Doce Horizonte. Gustavo se encanta com a beleza de Veronica.<\/p>\n<p>(*) edi\u00e7\u00e3o do SBT, Novela \u201cCarinha de Anjo\u201d, sujeito a altera\u00e7\u00e3o de data e conte\u00fado.<\/p>\n<p>Carinha de Anjo \u00e9 uma telenovela brasileira produzida e exibida originalmente pelo SBT desde o dia 21 de novembro de 2016, substituindo o hor\u00e1rio anteriormente ocupado por C\u00famplices de um Resgate. A telenovela \u00e9 inspirada na mexicana Carita de \u00e1ngel, que, por sua vez, \u00e9 um remake de Mundo de juguete, ambas produzidas pela Televisa e que haviam sido baseadas na trama argentina escrita por Abel Santa Cruz, Pap\u00e1 coraz\u00f3n. Esta ser\u00e1 a segunda adapta\u00e7\u00e3o brasileira da obra original argentina, visto que a Rede Tupi apresentou em 1976 a sua primeira vers\u00e3o, chamada de Papai Cora\u00e7\u00e3o. A nova vers\u00e3o \u00e9 escrita por Leonor Corr\u00eaa, com supervis\u00e3o de \u00cdris Abravanel e dire\u00e7\u00e3o geral de Ricardo Mantoanelli. A trama conta com Lorena Queiroz, Bia Arantes, Carlo Porto, Priscila Sol, Dani Gondim, Karin Hils, Eliana Guttman e Lucero nos pap\u00e9is principais.<\/p>\n","protected":false},"excerpt":{"rendered":"<p>Resumo novela \u201cCarinha de Anjo\u201d 23\/02: no cap\u00edtulo 069(*) da novela \u201cCarinha de Anjo\u201d, quinta-feira, 23 de fevereiro. Gustavo recebe Nicole para jantar com ele em casa. Dulce Maria quer que Cec\u00edlia participe de sua festa, mas a novi\u00e7a n\u00e3o pode. Lucia fica triste pois seus pais n\u00e3o deixam ela ir na festa de Dulce. [&hellip;]<\/p>\n","protected":false},"author":4,"featured_media":99331,"comment_status":"open","ping_status":"closed","sticky":false,"template":"","format":"standard","meta":{"tdm_status":"","tdm_grid_status":"","footnotes":""},"categories":[452,379,372,343],"tags":[441],"class_list":{"0":"post-107525","1":"post","2":"type-post","3":"status-publish","4":"format-standard","5":"has-post-thumbnail","7":"category-carinha-de-anjo","8":"category-novelas","9":"category-sbt","10":"category-televisao","11":"tag-resumo-do-dia"},"_links":{"self":[{"href":"https:\/\/migracao.redenoticia.com.br\/noticia\/wp-json\/wp\/v2\/posts\/107525","targetHints":{"allow":["GET"]}}],"collection":[{"href":"https:\/\/migracao.redenoticia.com.br\/noticia\/wp-json\/wp\/v2\/posts"}],"about":[{"href":"https:\/\/migracao.redenoticia.com.br\/noticia\/wp-json\/wp\/v2\/types\/post"}],"author":[{"embeddable":true,"href":"https:\/\/migracao.redenoticia.com.br\/noticia\/wp-json\/wp\/v2\/users\/4"}],"replies":[{"embeddable":true,"href":"https:\/\/migracao.redenoticia.com.br\/noticia\/wp-json\/wp\/v2\/comments?post=107525"}],"version-history":[{"count":0,"href":"https:\/\/migracao.redenoticia.com.br\/noticia\/wp-json\/wp\/v2\/posts\/107525\/revisions"}],"wp:featuredmedia":[{"embeddable":true,"href":"https:\/\/migracao.redenoticia.com.br\/noticia\/wp-json\/wp\/v2\/media\/99331"}],"wp:attachment":[{"href":"https:\/\/migracao.redenoticia.com.br\/noticia\/wp-json\/wp\/v2\/media?parent=107525"}],"wp:term":[{"taxonomy":"category","embeddable":true,"href":"https:\/\/migracao.redenoticia.com.br\/noticia\/wp-json\/wp\/v2\/categories?post=107525"},{"taxonomy":"post_tag","embeddable":true,"href":"https:\/\/migracao.redenoticia.com.br\/noticia\/wp-json\/wp\/v2\/tags?post=107525"}],"curies":[{"name":"wp","href":"https:\/\/api.w.org\/{rel}","templated":true}]}}