{"id":107538,"date":"2017-02-23T01:07:13","date_gmt":"2017-02-23T04:07:13","guid":{"rendered":"http:\/\/www.redenoticia.com.br\/noticia\/?p=107538"},"modified":"2017-02-22T13:41:35","modified_gmt":"2017-02-22T16:41:35","slug":"minas-gerais-confirma-83-mortes-por-febre-amarela","status":"publish","type":"post","link":"https:\/\/migracao.redenoticia.com.br\/noticia\/2017\/minas-gerais-confirma-83-mortes-por-febre-amarela\/107538","title":{"rendered":"Minas Gerais confirma 83 mortes por febre amarela"},"content":{"rendered":"<p> Em novo boletim epidemiol\u00f3gico divulgado em 21\/02, a Secretaria de Sa\u00fade de Minas Gerais (SES-MG) anunciou que 83 pessoas j\u00e1 morreram em decorr\u00eancia de complica\u00e7\u00f5es da <strong><em>febre amarela<\/em><\/strong>. Mais 173 mortes ainda est\u00e3o sendo investigadas. O atual surto da doen\u00e7a \u00e9 o maior no Brasil desde 1980, quando o Minist\u00e9rio da Sa\u00fade passou a disponibilizar dados da s\u00e9rie hist\u00f3rica. At\u00e9 ent\u00e3o, o ano com o quadro mais grave havia sido 2000, quando 40 v\u00edtimas da doen\u00e7a morreram.<\/p>\n<p>Os dados da SES-MG mostram que o estado j\u00e1 contabiliza 1.027 notifica\u00e7\u00f5es de febre amarela. Destas, 234 foram confirmadas, 57 foram descartadas e as demais continuam sob an\u00e1lise.<\/p>\n<p>Diante do quadro, o governo mineiro anunciou novas medidas para o combate ao surto. Os hospitais da regi\u00e3o afetada ampliaram a capacidade de atendimento. Foram abertos 154 leitos extras para pacientes com suspeita de febre amarela: 110 leitos cl\u00ednicos, 14 semi-intensivos e 30 de Unidade de Terapia Intensiva (UTI). Tamb\u00e9m foram enviados aos munic\u00edpios 670 mil medicamentos, entre soro e analg\u00e9sicos.<\/p>\n<p>O Minist\u00e9rio da Integra\u00e7\u00e3o Nacional informou que 63 munic\u00edpios de Minas Gerais e um do Esp\u00edrito Santo tiveram a situa\u00e7\u00e3o de emerg\u00eancia reconhecida por causa do surto de febre amarela. Entre as cidades, est\u00e3o os tr\u00eas munic\u00edpios mineiros mais afetados at\u00e9 o momento: Ladainha, Caratinga e Novo Cruzeiro, que t\u00eam, respectivamente, 29, 21 e 20 confirma\u00e7\u00f5es para a doen\u00e7a.<\/p>\n<p>Surto<\/p>\n<p>A febre amarela \u00e9 causada por um v\u00edrus da fam\u00edlia Flaviviridae e ocorre em alguns pa\u00edses da Am\u00e9rica do Sul, Am\u00e9rica Central e \u00c1frica. No meio rural e silvestre, ela \u00e9 transmitida pelo mosquito Haemagogus. J\u00e1 em \u00e1rea urbana, o vetor \u00e9 o Aedes aegypti, o mesmo da dengue, zika e chikungunya. Segundo o Minist\u00e9rio da Sa\u00fade, a transmiss\u00e3o da febre amarela no Brasil n\u00e3o ocorre em \u00e1reas urbanas desde 1942.<\/p>\n<p>A principal medida de combate \u00e0 doen\u00e7a \u00e9 a vacina\u00e7\u00e3o da popula\u00e7\u00e3o. O imunizante \u00e9 oferecido gratuitamente nos postos de sa\u00fade. A aplica\u00e7\u00e3o ocorre em dose \u00fanica, que deve ser refor\u00e7ada ap\u00f3s dez anos. No caso de crian\u00e7as, o Minist\u00e9rio da Sa\u00fade recomenda a administra\u00e7\u00e3o de uma dose aos 9 meses e um refor\u00e7o aos 4 anos.<\/p>\n<p>Segundo a SES-MG, este ano j\u00e1 foram distribu\u00eddas \u00e0s cidades mineiras 5,76 milh\u00f5es de doses da vacina contra a febre amarela. Comunidades ind\u00edgenas e quilombolas est\u00e3o sendo mapeadas pelo \u00f3rg\u00e3o, que pretende avaliar a cobertura vacinal nestas popula\u00e7\u00f5es.<\/p>\n<p>L\u00e9o Rodrigues &#8211; Correspondente da Ag\u00eancia Brasil<br \/>\nEdi\u00e7\u00e3o: Luana Louren\u00e7o<br \/>\n23\/02\/2017<\/p>\n","protected":false},"excerpt":{"rendered":"<p>Em novo boletim epidemiol\u00f3gico divulgado em 21\/02, a Secretaria de Sa\u00fade de Minas Gerais (SES-MG) anunciou que 83 pessoas j\u00e1 morreram em decorr\u00eancia de complica\u00e7\u00f5es da febre amarela. Mais 173 mortes ainda est\u00e3o sendo investigadas. O atual surto da doen\u00e7a \u00e9 o maior no Brasil desde 1980, quando o Minist\u00e9rio da Sa\u00fade passou a disponibilizar [&hellip;]<\/p>\n","protected":false},"author":2,"featured_media":40847,"comment_status":"open","ping_status":"closed","sticky":false,"template":"","format":"standard","meta":{"tdm_status":"","tdm_grid_status":"","footnotes":""},"categories":[22,5],"tags":[],"class_list":{"0":"post-107538","1":"post","2":"type-post","3":"status-publish","4":"format-standard","5":"has-post-thumbnail","7":"category-brasil","8":"category-saude-e-vida"},"_links":{"self":[{"href":"https:\/\/migracao.redenoticia.com.br\/noticia\/wp-json\/wp\/v2\/posts\/107538","targetHints":{"allow":["GET"]}}],"collection":[{"href":"https:\/\/migracao.redenoticia.com.br\/noticia\/wp-json\/wp\/v2\/posts"}],"about":[{"href":"https:\/\/migracao.redenoticia.com.br\/noticia\/wp-json\/wp\/v2\/types\/post"}],"author":[{"embeddable":true,"href":"https:\/\/migracao.redenoticia.com.br\/noticia\/wp-json\/wp\/v2\/users\/2"}],"replies":[{"embeddable":true,"href":"https:\/\/migracao.redenoticia.com.br\/noticia\/wp-json\/wp\/v2\/comments?post=107538"}],"version-history":[{"count":0,"href":"https:\/\/migracao.redenoticia.com.br\/noticia\/wp-json\/wp\/v2\/posts\/107538\/revisions"}],"wp:featuredmedia":[{"embeddable":true,"href":"https:\/\/migracao.redenoticia.com.br\/noticia\/wp-json\/wp\/v2\/media\/40847"}],"wp:attachment":[{"href":"https:\/\/migracao.redenoticia.com.br\/noticia\/wp-json\/wp\/v2\/media?parent=107538"}],"wp:term":[{"taxonomy":"category","embeddable":true,"href":"https:\/\/migracao.redenoticia.com.br\/noticia\/wp-json\/wp\/v2\/categories?post=107538"},{"taxonomy":"post_tag","embeddable":true,"href":"https:\/\/migracao.redenoticia.com.br\/noticia\/wp-json\/wp\/v2\/tags?post=107538"}],"curies":[{"name":"wp","href":"https:\/\/api.w.org\/{rel}","templated":true}]}}