{"id":107600,"date":"2017-02-26T13:30:32","date_gmt":"2017-02-26T16:30:32","guid":{"rendered":"http:\/\/www.redenoticia.com.br\/noticia\/?p=107600"},"modified":"2018-08-13T10:39:42","modified_gmt":"2018-08-13T13:39:42","slug":"bbb-17-enquete-quem-emilly-e-daniel-devem-indicar-para-o-paredao","status":"publish","type":"post","link":"https:\/\/migracao.redenoticia.com.br\/noticia\/2017\/bbb-17-enquete-quem-emilly-e-daniel-devem-indicar-para-o-paredao\/107600","title":{"rendered":"\u201cBBB\u201d 17 enquete: quem Emilly e Daniel devem indicar para o pared\u00e3o"},"content":{"rendered":"<p><img loading=\"lazy\" decoding=\"async\" class=\"alignleft size-thumbnail wp-image-64480\" src=\"https:\/\/migracao.redenoticia.com.br\/noticia\/imagens\/bbb_votacao_enquete_paredao_prova-150x112.jpg\" alt=\"\" width=\"150\" height=\"112\" srcset=\"https:\/\/migracao.redenoticia.com.br\/noticia\/imagens\/bbb_votacao_enquete_paredao_prova-150x112.jpg 150w, https:\/\/migracao.redenoticia.com.br\/noticia\/imagens\/bbb_votacao_enquete_paredao_prova-265x198.jpg 265w\" sizes=\"auto, (max-width: 150px) 100vw, 150px\" \/><strong><em>&#8220;BBB&#8221; 17 enquete (Prova do L\u00edder 23\/02)<\/em><\/strong>: Tiago comunicou o retorno dos vetos e mandou o L\u00edder Pedro definir os tr\u00eas brothers exclu\u00eddos da prova do L\u00edder:  Marinalva, Elis e Marcos. Logo depois, Tiago mandou os concorrentes formarem duplas: Emilly e Daniel; Ieda e Ilmar; Pedro e R\u00f4mulo; e V\u00edvian e Roberta. Na Prova do L\u00edder Papa Bolas, os brothers trabalharam em duplas. Enquanto um foi o respons\u00e1vel por enca\u00e7apar o maior n\u00famero de bolas, o outro teve que deslizar seu parceiro sobre uma plataforma para ele cumprir sua fun\u00e7\u00e3o. As bolas marcadas com um &#8216;x&#8217; valeram menos um ponto. Emilly e Daniel ganharam a prova em dupla e dividiram a imunidade e dez mil reais. Daniel ficou com o dinheiro e Emilly com a imunidade. Participe da enquete sobre a indica\u00e7\u00e3o do l\u00edder para o pared\u00e3o.<\/p>\n<p>Enquete: Quem Emilly e Daniel devem indicar para o pared\u00e3o?<\/p>\n<p><script type=\"text\/javascript\" charset=\"utf-8\" src=\"http:\/\/static.polldaddy.com\/p\/9673201.js\"><\/script><br \/>\n<noscript><\/noscript> <\/p>\n<p>Emilly e Daniel indicaram Elis para o pared\u00e3o.<\/p>\n<p>Not\u00edcias relacionadas<\/p>\n<p>Concorrentes: Vivian, R\u00f4mulo, Roberta, Pedro, Marinalva, Marcos, Ilmar, Ieda, Emilly, Elis e Daniel.<\/p>\n<p>Fonte e imagem &#8220;BBB&#8221; 17 Rede Globo<\/p>\n","protected":false},"excerpt":{"rendered":"<p>&#8220;BBB&#8221; 17 enquete (Prova do L\u00edder 23\/02): Tiago comunicou o retorno dos vetos e mandou o L\u00edder Pedro definir os tr\u00eas brothers exclu\u00eddos da prova do L\u00edder: Marinalva, Elis e Marcos. Logo depois, Tiago mandou os concorrentes formarem duplas: Emilly e Daniel; Ieda e Ilmar; Pedro e R\u00f4mulo; e V\u00edvian e Roberta. Na Prova do [&hellip;]<\/p>\n","protected":false},"author":2,"featured_media":64479,"comment_status":"open","ping_status":"closed","sticky":false,"template":"","format":"standard","meta":{"tdm_status":"","tdm_grid_status":"","footnotes":""},"categories":[520,375,343],"tags":[],"class_list":{"0":"post-107600","1":"post","2":"type-post","3":"status-publish","4":"format-standard","5":"has-post-thumbnail","7":"category-big-brother-brasil","8":"category-rede-globo","9":"category-televisao"},"_links":{"self":[{"href":"https:\/\/migracao.redenoticia.com.br\/noticia\/wp-json\/wp\/v2\/posts\/107600","targetHints":{"allow":["GET"]}}],"collection":[{"href":"https:\/\/migracao.redenoticia.com.br\/noticia\/wp-json\/wp\/v2\/posts"}],"about":[{"href":"https:\/\/migracao.redenoticia.com.br\/noticia\/wp-json\/wp\/v2\/types\/post"}],"author":[{"embeddable":true,"href":"https:\/\/migracao.redenoticia.com.br\/noticia\/wp-json\/wp\/v2\/users\/2"}],"replies":[{"embeddable":true,"href":"https:\/\/migracao.redenoticia.com.br\/noticia\/wp-json\/wp\/v2\/comments?post=107600"}],"version-history":[{"count":0,"href":"https:\/\/migracao.redenoticia.com.br\/noticia\/wp-json\/wp\/v2\/posts\/107600\/revisions"}],"wp:featuredmedia":[{"embeddable":true,"href":"https:\/\/migracao.redenoticia.com.br\/noticia\/wp-json\/wp\/v2\/media\/64479"}],"wp:attachment":[{"href":"https:\/\/migracao.redenoticia.com.br\/noticia\/wp-json\/wp\/v2\/media?parent=107600"}],"wp:term":[{"taxonomy":"category","embeddable":true,"href":"https:\/\/migracao.redenoticia.com.br\/noticia\/wp-json\/wp\/v2\/categories?post=107600"},{"taxonomy":"post_tag","embeddable":true,"href":"https:\/\/migracao.redenoticia.com.br\/noticia\/wp-json\/wp\/v2\/tags?post=107600"}],"curies":[{"name":"wp","href":"https:\/\/api.w.org\/{rel}","templated":true}]}}