{"id":107606,"date":"2017-02-23T23:36:50","date_gmt":"2017-02-24T02:36:50","guid":{"rendered":"http:\/\/www.redenoticia.com.br\/noticia\/?p=107606"},"modified":"2017-02-23T23:36:50","modified_gmt":"2017-02-24T02:36:50","slug":"resumo-novela-rubi-2402-rubi-e-heitor-voltam-para-a-capital","status":"publish","type":"post","link":"https:\/\/migracao.redenoticia.com.br\/noticia\/2017\/resumo-novela-rubi-2402-rubi-e-heitor-voltam-para-a-capital\/107606","title":{"rendered":"Resumo novela \u201cRubi\u201d 24\/02: Rubi e Heitor voltam para a capital"},"content":{"rendered":"<p><img loading=\"lazy\" decoding=\"async\" class=\"alignleft size-thumbnail wp-image-103954\" src=\"https:\/\/migracao.redenoticia.com.br\/noticia\/imagens\/rubi-resumo-novela-capitulo-sbt-150x112.jpg\" alt=\"\" width=\"150\" height=\"112\" \/><strong><em>Resumo novela \u201cRubi\u201d 24\/02<\/em><\/strong>: no cap\u00edtulo 030(*) da novela \u201cRubi\u201d, sexta-feira, 24 de fevereiro, Elisa diz a Heitor que est\u00e1 profundamente decepcionada por ele ter sido capaz de magoar uma mulher que o ama de verdade, de ter tra\u00eddo seu melhor amigo, que agora o detesta e, de ter provocado o \u00f3dio de Artur que s\u00f3 pensa em se vingar de todos que est\u00e3o ligados a ele. Elisa diz que assim como Rubi deixou Alessandro por ser pobre tamb\u00e9m poder\u00e1 troc\u00e1-lo por outro homem mais rico que ele. Genaro se encontra com Rubi e diz que n\u00e3o vai aceitar seu casamento com Heitor. Rubi, c\u00ednica, diz a Genaro que se tentar separ\u00e1-la de Heitor contar\u00e1 para Elisa que tem outra mulher e filhos. Heitor diz aos padrinhos que insistirem em n\u00e3o aceitar Rubi como sua esposa ent\u00e3o ser\u00e1 melhor que n\u00e3o voltem a se encontrar. Elisa pede a Heitor que pelo menos procure Maribel para lhe dar uma explica\u00e7\u00e3o. Rubi diz a Heitor que n\u00e3o gosta que seus padrinhos ordenem o que tem que fazer e agora que est\u00e3o casados n\u00e3o deve permitir que Genaro continue administrando seu dinheiro. Rubi e Heitor voltam para a capital.<\/p>\n<p>(*) edi\u00e7\u00e3o do SBT, Novela \u201cRubi\u201d, sujeito a altera\u00e7\u00e3o de data e conte\u00fado.<\/p>\n<p>Rubi \u00e9 uma telenovela mexicana produzida por Jos\u00e9 Alberto Castro para a Televisa e exibida pelo Canal de las Estrellas entre 17 de maio e 22 de outubro de 2004, sucedendo Amarte es mi pecado e antecedendo Apuesta por un amor em 115 capitulos de 40 minutos. Adaptada por Ximena Su\u00e1rez, \u00e9 um remake da telenovela mexicana Rubi, de 1968, criada por Yolanda Vargas Dulch\u00e9. Seis anos ap\u00f3s lan\u00e7amento de Rub\u00ed, a telenovela Teresa foi acusada de pl\u00e1gio. V\u00e1rios sites apontam semelhan\u00e7as entre as duas telenovelas. Barbara Mori, Eduardo Santamarina, Sebasti\u00e1n Rulli, Jacqueline Bracamontes, Manuel Landeta, Sergio Goyri, Carlos C\u00e1mara, Yadhira Carrillo, Miguel Pizarro, Jos\u00e9 El\u00edas Moreno, Luis Gatica, Paty D\u00edaz, Ingrid Martz e Ana Mart\u00edn interpretam os papeis principais da trama.<\/p>\n","protected":false},"excerpt":{"rendered":"<p>Resumo novela \u201cRubi\u201d 24\/02: no cap\u00edtulo 030(*) da novela \u201cRubi\u201d, sexta-feira, 24 de fevereiro, Elisa diz a Heitor que est\u00e1 profundamente decepcionada por ele ter sido capaz de magoar uma mulher que o ama de verdade, de ter tra\u00eddo seu melhor amigo, que agora o detesta e, de ter provocado o \u00f3dio de Artur que [&hellip;]<\/p>\n","protected":false},"author":2,"featured_media":103954,"comment_status":"open","ping_status":"closed","sticky":false,"template":"","format":"standard","meta":{"tdm_status":"","tdm_grid_status":"","footnotes":""},"categories":[379,372,343],"tags":[441],"class_list":{"0":"post-107606","1":"post","2":"type-post","3":"status-publish","4":"format-standard","5":"has-post-thumbnail","7":"category-novelas","8":"category-sbt","9":"category-televisao","10":"tag-resumo-do-dia"},"_links":{"self":[{"href":"https:\/\/migracao.redenoticia.com.br\/noticia\/wp-json\/wp\/v2\/posts\/107606","targetHints":{"allow":["GET"]}}],"collection":[{"href":"https:\/\/migracao.redenoticia.com.br\/noticia\/wp-json\/wp\/v2\/posts"}],"about":[{"href":"https:\/\/migracao.redenoticia.com.br\/noticia\/wp-json\/wp\/v2\/types\/post"}],"author":[{"embeddable":true,"href":"https:\/\/migracao.redenoticia.com.br\/noticia\/wp-json\/wp\/v2\/users\/2"}],"replies":[{"embeddable":true,"href":"https:\/\/migracao.redenoticia.com.br\/noticia\/wp-json\/wp\/v2\/comments?post=107606"}],"version-history":[{"count":0,"href":"https:\/\/migracao.redenoticia.com.br\/noticia\/wp-json\/wp\/v2\/posts\/107606\/revisions"}],"wp:featuredmedia":[{"embeddable":true,"href":"https:\/\/migracao.redenoticia.com.br\/noticia\/wp-json\/wp\/v2\/media\/103954"}],"wp:attachment":[{"href":"https:\/\/migracao.redenoticia.com.br\/noticia\/wp-json\/wp\/v2\/media?parent=107606"}],"wp:term":[{"taxonomy":"category","embeddable":true,"href":"https:\/\/migracao.redenoticia.com.br\/noticia\/wp-json\/wp\/v2\/categories?post=107606"},{"taxonomy":"post_tag","embeddable":true,"href":"https:\/\/migracao.redenoticia.com.br\/noticia\/wp-json\/wp\/v2\/tags?post=107606"}],"curies":[{"name":"wp","href":"https:\/\/api.w.org\/{rel}","templated":true}]}}