{"id":107608,"date":"2017-02-23T23:38:53","date_gmt":"2017-02-24T02:38:53","guid":{"rendered":"http:\/\/www.redenoticia.com.br\/noticia\/?p=107608"},"modified":"2017-02-23T23:38:53","modified_gmt":"2017-02-24T02:38:53","slug":"resumo-novela-querida-inimiga-2402-ernesto-ve-lorena-e-alonso-juntos","status":"publish","type":"post","link":"https:\/\/migracao.redenoticia.com.br\/noticia\/2017\/resumo-novela-querida-inimiga-2402-ernesto-ve-lorena-e-alonso-juntos\/107608","title":{"rendered":"Resumo novela \u201cQuerida Inimiga\u201d 24\/02: Ernesto v\u00ea Lorena e Alonso juntos"},"content":{"rendered":"<p><img loading=\"lazy\" decoding=\"async\" class=\"alignleft size-thumbnail wp-image-99744\" src=\"https:\/\/migracao.redenoticia.com.br\/noticia\/imagens\/querida_inimiga_resumo_novela_SBT-150x112.jpg\" alt=\"querida_inimiga_resumo_novela_sbt\" width=\"150\" height=\"112\" srcset=\"https:\/\/migracao.redenoticia.com.br\/noticia\/imagens\/querida_inimiga_resumo_novela_SBT-150x112.jpg 150w, https:\/\/migracao.redenoticia.com.br\/noticia\/imagens\/querida_inimiga_resumo_novela_SBT-265x198.jpg 265w\" sizes=\"auto, (max-width: 150px) 100vw, 150px\" \/><strong><em>Resumo novela \u201cQuerida Inimiga\u201d 24\/02<\/em><\/strong>:\u00a0no cap\u00edtulo 073(*) da novela \u201cQuerida Inimiga\u201d, sexta-feira, 24 de fevereiro, Dario quer recome\u00e7ar novamente com Paula em outro local, mas ela se nega. Jaqueline diz a Arthur que o doutor fez uma biopsia para analisar sua sa\u00fade e completa dizendo que uma mulher a ajudar\u00e1 a ver \u201ca luz\u201d. Ivan pergunta a Ernesto se pode ter aulas de dan\u00e7a para poder participar de um concurso junto a Betina. Ernesto responde que sim. Zulema discute com Omar e Lorena, pois ele perdoou Hort\u00eancia e ir\u00e1 ocupar um cargo em sua empresa. Alan exige que Sara assine o cancelamento do contrato e lhe diz que n\u00e3o podem ser amigos, pois ainda ama sua esposa. Diana vai ao apartamento de Bruno com Juliano para recolher as coisas do beb\u00ea. Ela diz a Bruno que deu entrada nos tramites do div\u00f3rcio e que ele perdeu a ela e ao beb\u00ea para sempre. Lorena e Ernesto se encontram e falam de seus sentimentos, mas nesse exato momento ele recebe uma liga\u00e7\u00e3o de trabalho. Alonso aparece e trata de convencer Lorena que o permita passar um dia com ela. Ernesto volta e v\u00ea Lorena e Alonso juntos. Ele se zanga.<\/p>\n<p>(*) edi\u00e7\u00e3o do SBT, Novela \u201cQuerida Inimiga\u201d, sujeito a altera\u00e7\u00e3o de data e conte\u00fado.<\/p>\n<p>Querida enemiga (no Brasil, Querida Inimiga ) \u00e9 uma telenovela mexicana produzida por Lucero Su\u00e1rez para a Televisa e exibida pelo Canal de las Estrellas entre 12 de maio e 10 de outubro de 2008, substituindo Palabra de mujer e sendo substitu\u00edda por En nombre del amor, em 110 cap\u00edtulos. A trama teve Ana Layevska, Gabriel Soto, Jorge Aravena, Mar\u00eda Rubio, Carmen Becerra, Marco M\u00e9ndez, Miguel \u00c1ngel Biaggio, Socorro Bonilla, Alfonso Iturralde, Luz Mar\u00eda Jerez e Luis Xavier nos papeis principais.<\/p>\n","protected":false},"excerpt":{"rendered":"<p>Resumo novela \u201cQuerida Inimiga\u201d 24\/02:\u00a0no cap\u00edtulo 073(*) da novela \u201cQuerida Inimiga\u201d, sexta-feira, 24 de fevereiro, Dario quer recome\u00e7ar novamente com Paula em outro local, mas ela se nega. Jaqueline diz a Arthur que o doutor fez uma biopsia para analisar sua sa\u00fade e completa dizendo que uma mulher a ajudar\u00e1 a ver \u201ca luz\u201d. Ivan [&hellip;]<\/p>\n","protected":false},"author":2,"featured_media":99744,"comment_status":"open","ping_status":"closed","sticky":false,"template":"","format":"standard","meta":{"tdm_status":"","tdm_grid_status":"","footnotes":""},"categories":[379,372,343],"tags":[441],"class_list":{"0":"post-107608","1":"post","2":"type-post","3":"status-publish","4":"format-standard","5":"has-post-thumbnail","7":"category-novelas","8":"category-sbt","9":"category-televisao","10":"tag-resumo-do-dia"},"_links":{"self":[{"href":"https:\/\/migracao.redenoticia.com.br\/noticia\/wp-json\/wp\/v2\/posts\/107608","targetHints":{"allow":["GET"]}}],"collection":[{"href":"https:\/\/migracao.redenoticia.com.br\/noticia\/wp-json\/wp\/v2\/posts"}],"about":[{"href":"https:\/\/migracao.redenoticia.com.br\/noticia\/wp-json\/wp\/v2\/types\/post"}],"author":[{"embeddable":true,"href":"https:\/\/migracao.redenoticia.com.br\/noticia\/wp-json\/wp\/v2\/users\/2"}],"replies":[{"embeddable":true,"href":"https:\/\/migracao.redenoticia.com.br\/noticia\/wp-json\/wp\/v2\/comments?post=107608"}],"version-history":[{"count":0,"href":"https:\/\/migracao.redenoticia.com.br\/noticia\/wp-json\/wp\/v2\/posts\/107608\/revisions"}],"wp:featuredmedia":[{"embeddable":true,"href":"https:\/\/migracao.redenoticia.com.br\/noticia\/wp-json\/wp\/v2\/media\/99744"}],"wp:attachment":[{"href":"https:\/\/migracao.redenoticia.com.br\/noticia\/wp-json\/wp\/v2\/media?parent=107608"}],"wp:term":[{"taxonomy":"category","embeddable":true,"href":"https:\/\/migracao.redenoticia.com.br\/noticia\/wp-json\/wp\/v2\/categories?post=107608"},{"taxonomy":"post_tag","embeddable":true,"href":"https:\/\/migracao.redenoticia.com.br\/noticia\/wp-json\/wp\/v2\/tags?post=107608"}],"curies":[{"name":"wp","href":"https:\/\/api.w.org\/{rel}","templated":true}]}}