{"id":107610,"date":"2017-02-23T23:40:52","date_gmt":"2017-02-24T02:40:52","guid":{"rendered":"http:\/\/www.redenoticia.com.br\/noticia\/?p=107610"},"modified":"2017-02-23T23:41:39","modified_gmt":"2017-02-24T02:41:39","slug":"resumo-novela-cheias-de-charme-2402-stela-faz-declaracoes-para-elano","status":"publish","type":"post","link":"https:\/\/migracao.redenoticia.com.br\/noticia\/2017\/resumo-novela-cheias-de-charme-2402-stela-faz-declaracoes-para-elano\/107610","title":{"rendered":"Resumo novela \u201cCheias de Charme\u201d 24\/02: Stela faz declara\u00e7\u00e3o para Elano"},"content":{"rendered":"<p><img loading=\"lazy\" decoding=\"async\" class=\"alignleft size-thumbnail wp-image-95548\" src=\"https:\/\/migracao.redenoticia.com.br\/noticia\/imagens\/cheias-de-charme-novela-globo-internacional-resumo-proximo-capitulo-150x112.jpg\" alt=\"cheias-de-charme-novela-globo-internacional-resumo-proximo-capitulo\" width=\"150\" height=\"112\" \/><strong><em>Resumo novela \u201cCheias de Charme\u201d 24\/02<\/em><\/strong>: no cap\u00edtulo 115(*) da novela \u201cCheias de Charme\u201d, sexta-feira, 24 de fevereiro, Fabian\/In\u00e1cio \u00e9 antip\u00e1tico com Ros\u00e1rio e reclama das f\u00e3s para os jornalistas. Sarmento avisa que pode ser condenado em seu processo. Wanderley, Zaqueu e Naldo se penalizam com a situa\u00e7\u00e3o de Socorro. Ros\u00e1rio acredita que descobrir\u00e1 o mist\u00e9rio de Fabian. Lygia convida Penha para ir \u00e0 sua casa. Cida encontra Elano e fica abalada. Isadora se insinua para Niltinho. Stela faz declara\u00e7\u00f5es para Elano. Sidney avisa que acompanhar\u00e1 Ros\u00e1rio em sua turn\u00ea e In\u00e1cio fica nervoso. Niltinho e Isadora se beijam. Lygia decide ir para a Espanha e pede para Gilson ficar com Samuel. Penha desconfia de que Sandro esteja com Branca. Ros\u00e1rio se revolta ao saber que Fabian se apresentar\u00e1 usando playback.<\/p>\n<p>(*) edi\u00e7\u00e3o da Rede Globo, Novela \u201cCheias de Charme\u201d, sujeito a altera\u00e7\u00e3o de data e conte\u00fado.<\/p>\n<p>Cheias de Charme \u00e9 uma telenovela brasileira produzida e exibida pela Rede Globo. Escrita por Filipe Miguez e Izabel de Oliveira, com colabora\u00e7\u00e3o de Daisy Chaves, Isabel Muniz, Jo\u00e3o Brand\u00e3o, Lais Mendes Pimentel, Paula Amaral e S\u00e9rgio Marques, contou com a supervis\u00e3o de texto de Ricardo Linhares e dire\u00e7\u00e3o de Allan Fiterman, Maria de M\u00e9dicis, Nat\u00e1lia Grimberg e Denise Saraceni. Dire\u00e7\u00e3o geral de Carlos Ara\u00fajo e dire\u00e7\u00e3o de n\u00facleo de Denise Saraceni. Contou com as participa\u00e7\u00f5es de Ta\u00eds Ara\u00fajo, Cl\u00e1udia Abreu, Leandra Leal, Isabelle Drummond, Ricardo Tozzi, Malu Galli, Marcos Palmeira e Jonatas Faro.<\/p>\n","protected":false},"excerpt":{"rendered":"<p>Resumo novela \u201cCheias de Charme\u201d 24\/02: no cap\u00edtulo 115(*) da novela \u201cCheias de Charme\u201d, sexta-feira, 24 de fevereiro, Fabian\/In\u00e1cio \u00e9 antip\u00e1tico com Ros\u00e1rio e reclama das f\u00e3s para os jornalistas. Sarmento avisa que pode ser condenado em seu processo. Wanderley, Zaqueu e Naldo se penalizam com a situa\u00e7\u00e3o de Socorro. Ros\u00e1rio acredita que descobrir\u00e1 o [&hellip;]<\/p>\n","protected":false},"author":2,"featured_media":95548,"comment_status":"open","ping_status":"closed","sticky":false,"template":"","format":"standard","meta":{"tdm_status":"","tdm_grid_status":"","footnotes":""},"categories":[379,375,343],"tags":[441],"class_list":{"0":"post-107610","1":"post","2":"type-post","3":"status-publish","4":"format-standard","5":"has-post-thumbnail","7":"category-novelas","8":"category-rede-globo","9":"category-televisao","10":"tag-resumo-do-dia"},"_links":{"self":[{"href":"https:\/\/migracao.redenoticia.com.br\/noticia\/wp-json\/wp\/v2\/posts\/107610","targetHints":{"allow":["GET"]}}],"collection":[{"href":"https:\/\/migracao.redenoticia.com.br\/noticia\/wp-json\/wp\/v2\/posts"}],"about":[{"href":"https:\/\/migracao.redenoticia.com.br\/noticia\/wp-json\/wp\/v2\/types\/post"}],"author":[{"embeddable":true,"href":"https:\/\/migracao.redenoticia.com.br\/noticia\/wp-json\/wp\/v2\/users\/2"}],"replies":[{"embeddable":true,"href":"https:\/\/migracao.redenoticia.com.br\/noticia\/wp-json\/wp\/v2\/comments?post=107610"}],"version-history":[{"count":0,"href":"https:\/\/migracao.redenoticia.com.br\/noticia\/wp-json\/wp\/v2\/posts\/107610\/revisions"}],"wp:featuredmedia":[{"embeddable":true,"href":"https:\/\/migracao.redenoticia.com.br\/noticia\/wp-json\/wp\/v2\/media\/95548"}],"wp:attachment":[{"href":"https:\/\/migracao.redenoticia.com.br\/noticia\/wp-json\/wp\/v2\/media?parent=107610"}],"wp:term":[{"taxonomy":"category","embeddable":true,"href":"https:\/\/migracao.redenoticia.com.br\/noticia\/wp-json\/wp\/v2\/categories?post=107610"},{"taxonomy":"post_tag","embeddable":true,"href":"https:\/\/migracao.redenoticia.com.br\/noticia\/wp-json\/wp\/v2\/tags?post=107610"}],"curies":[{"name":"wp","href":"https:\/\/api.w.org\/{rel}","templated":true}]}}