{"id":107616,"date":"2017-02-23T23:46:38","date_gmt":"2017-02-24T02:46:38","guid":{"rendered":"http:\/\/www.redenoticia.com.br\/noticia\/?p=107616"},"modified":"2017-02-23T23:46:38","modified_gmt":"2017-02-24T02:46:38","slug":"resumo-novela-sol-nascente-2402-yumi-se-muda-para-a-casa-de-tiago","status":"publish","type":"post","link":"https:\/\/migracao.redenoticia.com.br\/noticia\/2017\/resumo-novela-sol-nascente-2402-yumi-se-muda-para-a-casa-de-tiago\/107616","title":{"rendered":"Resumo novela \u201cSol Nascente\u201d 24\/02: Yumi se muda para a casa de Tiago"},"content":{"rendered":"<p><img loading=\"lazy\" decoding=\"async\" class=\"alignleft size-thumbnail wp-image-91714\" src=\"https:\/\/migracao.redenoticia.com.br\/noticia\/imagens\/sol_nascente_resumo_novela_globo-150x112.jpg\" alt=\"sol_nascente_resumo_novela_globo\" width=\"150\" height=\"112\" srcset=\"https:\/\/migracao.redenoticia.com.br\/noticia\/imagens\/sol_nascente_resumo_novela_globo-150x112.jpg 150w, https:\/\/migracao.redenoticia.com.br\/noticia\/imagens\/sol_nascente_resumo_novela_globo-265x198.jpg 265w\" sizes=\"auto, (max-width: 150px) 100vw, 150px\" \/><strong><em>Resumo novela \u201cSol Nascente\u201d 24\/02<\/em><\/strong>: no cap\u00edtulo 154(*) da novela \u201cSol Nascente\u201d, sexta-feira, 24 de fevereiro, Sinh\u00e1 esconde Cesar e fala com Gaetano e Geppina. Louzada encontra a carteira de Cesar e conclui que ele escapou. Tanaka se preocupa com Mocinha. Lenita pede para Paty visitar o Rota 94 quando vier ao Brasil. Hideo entrega a prova de que Cesar forjou seu \u00e1libi no dia da explos\u00e3o das traineiras. Milena reclama quando Ralf a pressiona sobre a data do casamento. Carolina volta para casa. Loretta avisa a Marina que Lenita j\u00e1 sabe que Paty \u00e9 a sua filha biol\u00f3gica. Sinh\u00e1 vai com Gaetano e Geppina para a casa de Tanaka e avisa a Cesar. Carolina implora para que Ana n\u00e3o rejeite sua filha. Tanaka fica intrigado com o constrangimento de Mocinha diante de Sinh\u00e1. Sinh\u00e1 convida Tanaka para se hospedar em sua casa. Yumi se muda para a casa de Tiago. Mocinha fica apavorada com as insinua\u00e7\u00f5es que Sinh\u00e1 faz para Tanaka.<\/p>\n<p>(*) edi\u00e7\u00e3o da Rede Globo, Novela \u201cSol Nascente\u201d, sujeito a altera\u00e7\u00e3o de data e conte\u00fado.<\/p>\n<p>Sol Nascente \u00e9 uma telenovela brasileira produzida pela Rede Globo e exibida desde 29 de agosto de 2016, no hor\u00e1rio das 18 horas, substituindo \u00cata Mundo Bom!. Escrita por Walther Negr\u00e3o, Suzana Pires e J\u00falio Fischer, com a colabora\u00e7\u00e3o de Jackie Vellego e Fausto Galv\u00e3o, com dire\u00e7\u00e3o geral de Marcelo Travesso e Leonardo Nogueira, tamb\u00e9m diretor art\u00edstico. Conta com as participa\u00e7\u00f5es de Giovanna Antonelli, Bruno Gagliasso, Rafael Cardoso, Lu\u00eds Melo, Francisco Cuoco, Aracy Balabanian, Laura Cardoso e Marcello Novaes.<\/p>\n","protected":false},"excerpt":{"rendered":"<p>Resumo novela \u201cSol Nascente\u201d 24\/02: no cap\u00edtulo 154(*) da novela \u201cSol Nascente\u201d, sexta-feira, 24 de fevereiro, Sinh\u00e1 esconde Cesar e fala com Gaetano e Geppina. Louzada encontra a carteira de Cesar e conclui que ele escapou. Tanaka se preocupa com Mocinha. Lenita pede para Paty visitar o Rota 94 quando vier ao Brasil. Hideo entrega [&hellip;]<\/p>\n","protected":false},"author":2,"featured_media":91714,"comment_status":"open","ping_status":"closed","sticky":false,"template":"","format":"standard","meta":{"tdm_status":"","tdm_grid_status":"","footnotes":""},"categories":[379,375,343],"tags":[441],"class_list":{"0":"post-107616","1":"post","2":"type-post","3":"status-publish","4":"format-standard","5":"has-post-thumbnail","7":"category-novelas","8":"category-rede-globo","9":"category-televisao","10":"tag-resumo-do-dia"},"_links":{"self":[{"href":"https:\/\/migracao.redenoticia.com.br\/noticia\/wp-json\/wp\/v2\/posts\/107616","targetHints":{"allow":["GET"]}}],"collection":[{"href":"https:\/\/migracao.redenoticia.com.br\/noticia\/wp-json\/wp\/v2\/posts"}],"about":[{"href":"https:\/\/migracao.redenoticia.com.br\/noticia\/wp-json\/wp\/v2\/types\/post"}],"author":[{"embeddable":true,"href":"https:\/\/migracao.redenoticia.com.br\/noticia\/wp-json\/wp\/v2\/users\/2"}],"replies":[{"embeddable":true,"href":"https:\/\/migracao.redenoticia.com.br\/noticia\/wp-json\/wp\/v2\/comments?post=107616"}],"version-history":[{"count":0,"href":"https:\/\/migracao.redenoticia.com.br\/noticia\/wp-json\/wp\/v2\/posts\/107616\/revisions"}],"wp:featuredmedia":[{"embeddable":true,"href":"https:\/\/migracao.redenoticia.com.br\/noticia\/wp-json\/wp\/v2\/media\/91714"}],"wp:attachment":[{"href":"https:\/\/migracao.redenoticia.com.br\/noticia\/wp-json\/wp\/v2\/media?parent=107616"}],"wp:term":[{"taxonomy":"category","embeddable":true,"href":"https:\/\/migracao.redenoticia.com.br\/noticia\/wp-json\/wp\/v2\/categories?post=107616"},{"taxonomy":"post_tag","embeddable":true,"href":"https:\/\/migracao.redenoticia.com.br\/noticia\/wp-json\/wp\/v2\/tags?post=107616"}],"curies":[{"name":"wp","href":"https:\/\/api.w.org\/{rel}","templated":true}]}}