{"id":107627,"date":"2017-02-24T00:42:17","date_gmt":"2017-02-24T03:42:17","guid":{"rendered":"http:\/\/www.redenoticia.com.br\/noticia\/?p=107627"},"modified":"2017-02-24T00:42:17","modified_gmt":"2017-02-24T03:42:17","slug":"padaria-artesanal-do-fussesp-tera-novos-cursos-a-partir-de-marco","status":"publish","type":"post","link":"https:\/\/migracao.redenoticia.com.br\/noticia\/2017\/padaria-artesanal-do-fussesp-tera-novos-cursos-a-partir-de-marco\/107627","title":{"rendered":"Padaria Artesanal do Fussesp ter\u00e1 novos cursos a partir de mar\u00e7o"},"content":{"rendered":"<p> Quem quiser aprender mais sobre <em><strong>confeitaria e panifica\u00e7\u00e3o<\/strong><\/em>, a Padaria Artesanal, projeto do Fundo Social de Solidariedade do Estado de S\u00e3o Paulo (Fussesp), oferece a partir de mar\u00e7o quatro novos cursos, al\u00e9m do tradicional curso de 10 p\u00e3es artesanais, que j\u00e1 atendeu mais de 92 mil pessoas\u00a0desde 2011. <\/p>\n<p>Os novos\u00a0cursos ser\u00e3o r\u00e1pidos, com\u00a08 horas de dura\u00e7\u00e3o e aulas de P\u00e3o de Mel (p\u00e3o de mel tradicional e integral e sonho assado); Panetones (integral e tradicional) e Colomba Pascal; Cookie Gourmet e Bem Casado; e Tortas (batata doce e frango) e quibe de biomassa. As aulas ser\u00e3o ministradas em m\u00f3dulos (um por dia) e acontecer\u00e3o todas as sextas-feiras na sede do Fundo Social, no Parque da \u00c1gua Branca, e na unidade no Pal\u00e1cio dos Bandeirantes.<\/p>\n<p>Para participar, os interessados devem ter mais de 16 anos de idade e precisam apresentar o certificado de conclus\u00e3o do curso b\u00e1sico da Padaria Artesanal. Mais informa\u00e7\u00f5es pelos telefones (11) 2193-8969\u00a0\/ (11) 2193-8446 ou pelo .<\/p>\n<p>Sobre a Padaria Artesanal<br \/>\nImplantada em junho de 2001, a Padaria Artesanal est\u00e1 presente em duas unidades pr\u00f3prias do Fundo Social, na capital, e em praticamente todos os munic\u00edpios do Estado de S\u00e3o Paulo por meio de conv\u00eanio com entidades sociais e Fundos Municipais.<\/p>\n<p>At\u00e9 o momento, foram entregues 1.390 kits da Padaria Artesanal, instalados no interior do Estado e em entidades sociais da capital. Neste mesmo per\u00edodo, foram qualificadas 92.592 pessoas.<\/p>\n<p>Do Portal do Governo SP<\/p>\n","protected":false},"excerpt":{"rendered":"<p>Quem quiser aprender mais sobre confeitaria e panifica\u00e7\u00e3o, a Padaria Artesanal, projeto do Fundo Social de Solidariedade do Estado de S\u00e3o Paulo (Fussesp), oferece a partir de mar\u00e7o quatro novos cursos, al\u00e9m do tradicional curso de 10 p\u00e3es artesanais, que j\u00e1 atendeu mais de 92 mil pessoas\u00a0desde 2011. Os novos\u00a0cursos ser\u00e3o r\u00e1pidos, com\u00a08 horas de [&hellip;]<\/p>\n","protected":false},"author":2,"featured_media":36215,"comment_status":"open","ping_status":"closed","sticky":false,"template":"","format":"standard","meta":{"tdm_status":"","tdm_grid_status":"","footnotes":""},"categories":[22,351,370],"tags":[],"class_list":{"0":"post-107627","1":"post","2":"type-post","3":"status-publish","4":"format-standard","5":"has-post-thumbnail","7":"category-brasil","8":"category-cursos","9":"category-inscricao"},"_links":{"self":[{"href":"https:\/\/migracao.redenoticia.com.br\/noticia\/wp-json\/wp\/v2\/posts\/107627","targetHints":{"allow":["GET"]}}],"collection":[{"href":"https:\/\/migracao.redenoticia.com.br\/noticia\/wp-json\/wp\/v2\/posts"}],"about":[{"href":"https:\/\/migracao.redenoticia.com.br\/noticia\/wp-json\/wp\/v2\/types\/post"}],"author":[{"embeddable":true,"href":"https:\/\/migracao.redenoticia.com.br\/noticia\/wp-json\/wp\/v2\/users\/2"}],"replies":[{"embeddable":true,"href":"https:\/\/migracao.redenoticia.com.br\/noticia\/wp-json\/wp\/v2\/comments?post=107627"}],"version-history":[{"count":0,"href":"https:\/\/migracao.redenoticia.com.br\/noticia\/wp-json\/wp\/v2\/posts\/107627\/revisions"}],"wp:featuredmedia":[{"embeddable":true,"href":"https:\/\/migracao.redenoticia.com.br\/noticia\/wp-json\/wp\/v2\/media\/36215"}],"wp:attachment":[{"href":"https:\/\/migracao.redenoticia.com.br\/noticia\/wp-json\/wp\/v2\/media?parent=107627"}],"wp:term":[{"taxonomy":"category","embeddable":true,"href":"https:\/\/migracao.redenoticia.com.br\/noticia\/wp-json\/wp\/v2\/categories?post=107627"},{"taxonomy":"post_tag","embeddable":true,"href":"https:\/\/migracao.redenoticia.com.br\/noticia\/wp-json\/wp\/v2\/tags?post=107627"}],"curies":[{"name":"wp","href":"https:\/\/api.w.org\/{rel}","templated":true}]}}