{"id":107671,"date":"2017-02-24T18:25:47","date_gmt":"2017-02-24T21:25:47","guid":{"rendered":"http:\/\/www.redenoticia.com.br\/noticia\/?p=107671"},"modified":"2017-02-24T18:26:20","modified_gmt":"2017-02-24T21:26:20","slug":"resumo-novela-carinha-de-anjo-2702-emilio-e-ze-felipe-se-assustam-com-a-peruca-de-estefania","status":"publish","type":"post","link":"https:\/\/migracao.redenoticia.com.br\/noticia\/2017\/resumo-novela-carinha-de-anjo-2702-emilio-e-ze-felipe-se-assustam-com-a-peruca-de-estefania\/107671","title":{"rendered":"Resumo novela \u201cCarinha de Anjo\u201d 27\/02: Em\u00edlio assusta com a peruca de Estef\u00e2nia"},"content":{"rendered":"<p><img loading=\"lazy\" decoding=\"async\" class=\"alignleft size-thumbnail wp-image-99331\" src=\"https:\/\/migracao.redenoticia.com.br\/noticia\/imagens\/carinha_de_anjo_sbt_novela_resumo_capitulo-150x112.jpg\" alt=\"carinha_de_anjo_sbt_novela_resumo_capitulo\" width=\"150\" height=\"112\" srcset=\"https:\/\/migracao.redenoticia.com.br\/noticia\/imagens\/carinha_de_anjo_sbt_novela_resumo_capitulo-150x112.jpg 150w, https:\/\/migracao.redenoticia.com.br\/noticia\/imagens\/carinha_de_anjo_sbt_novela_resumo_capitulo-265x198.jpg 265w\" sizes=\"auto, (max-width: 150px) 100vw, 150px\" \/><strong><em>Resumo novela \u201cCarinha de Anjo\u201d 27\/02<\/em><\/strong>: no cap\u00edtulo 071(*) da novela \u201cCarinha de Anjo\u201d, segunda-feira, 27 de fevereiro, Z\u00e9 Felipe mostra seu pote cheio de insetos para Em\u00edlio e aos dois amigos que passam a noite juntos. Zeca conversa por \u00e1udio com Juju e diz que pode pedir ela em namoro para Rosana. Juju finge falha no sinal da internet para desligar. Enquanto isso, Frida telefona para B\u00e1rbara para falar mal da festa do pijama de Dulce Maria. Estef\u00e2nia descobre que foi Nicole quem preparou toda a decora\u00e7\u00e3o da festa. Frida diz para as meninas assistirem um filme de terror. Dulce pergunta para Estef\u00e2nia quem fez a festa, mas ela n\u00e3o conta. Estef\u00e2nia leva algumas de suas perucas para as meninas brincarem de desfile. Enquanto isso, Em\u00edlio, Z\u00e9 Felipe e os amigos saem escondido do apartamento para irem at\u00e9 a brinquedoteca para acamparem e contarem hist\u00f3rias de terror. Frida joga a peruca, que por acidente voa pela janela. Os meninos que est\u00e3o na parte de baixo do pr\u00e9dio se assustam com a peruca. Silvestre, ainda vestido como le\u00e3o, vai atr\u00e1s da peruca de Estef\u00e2nia e os meninos armam um plano para capturar ele, por achar que \u00e9 um monstro.<\/p>\n<p>(*) edi\u00e7\u00e3o do SBT, Novela \u201cCarinha de Anjo\u201d, sujeito a altera\u00e7\u00e3o de data e conte\u00fado.<\/p>\n<p>Carinha de Anjo \u00e9 uma telenovela brasileira produzida e exibida originalmente pelo SBT desde o dia 21 de novembro de 2016, substituindo o hor\u00e1rio anteriormente ocupado por C\u00famplices de um Resgate. A telenovela \u00e9 inspirada na mexicana Carita de \u00e1ngel, que, por sua vez, \u00e9 um remake de Mundo de juguete, ambas produzidas pela Televisa e que haviam sido baseadas na trama argentina escrita por Abel Santa Cruz, Pap\u00e1 coraz\u00f3n. Esta ser\u00e1 a segunda adapta\u00e7\u00e3o brasileira da obra original argentina, visto que a Rede Tupi apresentou em 1976 a sua primeira vers\u00e3o, chamada de Papai Cora\u00e7\u00e3o. A nova vers\u00e3o \u00e9 escrita por Leonor Corr\u00eaa, com supervis\u00e3o de \u00cdris Abravanel e dire\u00e7\u00e3o geral de Ricardo Mantoanelli. A trama conta com Lorena Queiroz, Bia Arantes, Carlo Porto, Priscila Sol, Dani Gondim, Karin Hils, Eliana Guttman e Lucero nos pap\u00e9is principais.<\/p>\n","protected":false},"excerpt":{"rendered":"<p>Resumo novela \u201cCarinha de Anjo\u201d 27\/02: no cap\u00edtulo 071(*) da novela \u201cCarinha de Anjo\u201d, segunda-feira, 27 de fevereiro, Z\u00e9 Felipe mostra seu pote cheio de insetos para Em\u00edlio e aos dois amigos que passam a noite juntos. Zeca conversa por \u00e1udio com Juju e diz que pode pedir ela em namoro para Rosana. Juju finge [&hellip;]<\/p>\n","protected":false},"author":4,"featured_media":99331,"comment_status":"open","ping_status":"closed","sticky":false,"template":"","format":"standard","meta":{"tdm_status":"","tdm_grid_status":"","footnotes":""},"categories":[452,379,372,343],"tags":[441],"class_list":{"0":"post-107671","1":"post","2":"type-post","3":"status-publish","4":"format-standard","5":"has-post-thumbnail","7":"category-carinha-de-anjo","8":"category-novelas","9":"category-sbt","10":"category-televisao","11":"tag-resumo-do-dia"},"_links":{"self":[{"href":"https:\/\/migracao.redenoticia.com.br\/noticia\/wp-json\/wp\/v2\/posts\/107671","targetHints":{"allow":["GET"]}}],"collection":[{"href":"https:\/\/migracao.redenoticia.com.br\/noticia\/wp-json\/wp\/v2\/posts"}],"about":[{"href":"https:\/\/migracao.redenoticia.com.br\/noticia\/wp-json\/wp\/v2\/types\/post"}],"author":[{"embeddable":true,"href":"https:\/\/migracao.redenoticia.com.br\/noticia\/wp-json\/wp\/v2\/users\/4"}],"replies":[{"embeddable":true,"href":"https:\/\/migracao.redenoticia.com.br\/noticia\/wp-json\/wp\/v2\/comments?post=107671"}],"version-history":[{"count":0,"href":"https:\/\/migracao.redenoticia.com.br\/noticia\/wp-json\/wp\/v2\/posts\/107671\/revisions"}],"wp:featuredmedia":[{"embeddable":true,"href":"https:\/\/migracao.redenoticia.com.br\/noticia\/wp-json\/wp\/v2\/media\/99331"}],"wp:attachment":[{"href":"https:\/\/migracao.redenoticia.com.br\/noticia\/wp-json\/wp\/v2\/media?parent=107671"}],"wp:term":[{"taxonomy":"category","embeddable":true,"href":"https:\/\/migracao.redenoticia.com.br\/noticia\/wp-json\/wp\/v2\/categories?post=107671"},{"taxonomy":"post_tag","embeddable":true,"href":"https:\/\/migracao.redenoticia.com.br\/noticia\/wp-json\/wp\/v2\/tags?post=107671"}],"curies":[{"name":"wp","href":"https:\/\/api.w.org\/{rel}","templated":true}]}}