{"id":107723,"date":"2017-02-25T17:58:31","date_gmt":"2017-02-25T20:58:31","guid":{"rendered":"http:\/\/www.redenoticia.com.br\/noticia\/?p=107723"},"modified":"2017-02-28T01:04:41","modified_gmt":"2017-02-28T04:04:41","slug":"novela-ezel-resumo-2702-ali-pede-perdao-a-ezel","status":"publish","type":"post","link":"https:\/\/migracao.redenoticia.com.br\/noticia\/2017\/novela-ezel-resumo-2702-ali-pede-perdao-a-ezel\/107723","title":{"rendered":"Novela \u201cEzel\u201d resumo 27\/02: Eysan conta tudo sobre o crime no cassino para Ezel"},"content":{"rendered":"<p> <img loading=\"lazy\" decoding=\"async\" class=\"alignleft size-thumbnail wp-image-98061\" src=\"https:\/\/migracao.redenoticia.com.br\/noticia\/imagens\/ezel_novela_band_resumo-150x112.jpg\" alt=\"ezel_novela_band_resumo\" width=\"150\" height=\"112\" srcset=\"https:\/\/migracao.redenoticia.com.br\/noticia\/imagens\/ezel_novela_band_resumo-150x112.jpg 150w, https:\/\/migracao.redenoticia.com.br\/noticia\/imagens\/ezel_novela_band_resumo-265x198.jpg 265w\" sizes=\"auto, (max-width: 150px) 100vw, 150px\" \/><strong><em> Novela \u201cEzel\u201d resumo 27\/02<\/em><\/strong>: no capitulo 097 (*) da novela \u201cEzel\u201d, segunda-feira, 27 de fevereiro, Ezel vai ao encontro de Bahar, e pede mais uma vez para que ela n\u00e3o desista de sua vida. Ela diz estar bem, mas sem ele e pede para que ele n\u00e3o volte mais. Ali vai a um hospital e conversa com uma das mulheres que receberam os corpos dos feridos na pris\u00e3o na \u00e9poca da suposta morte de Omer. Eysan conta tudo sobre o crime no cassino para Ezel. <\/p>\n<p>(*) edi\u00e7\u00e3o da Band, Novela \u201cEzel\u201d, sujeito a altera\u00e7\u00e3o de data e conte\u00fado.<\/p>\n<p>Sinopse: a novela conta a hist\u00f3ria de Omer, um rapaz de bom cora\u00e7\u00e3o que foi acusado injustamente, pelo seu melhor amigo Cengiz, de cometer crimes. E mais, sua namorada, Eysan, participa da arma\u00e7\u00e3o. Para ele a trai\u00e7\u00e3o da namorada foi a pior coisa que poderia ter acontecido. Omer \u00e9 preso. Quatros anos ap\u00f3s a sua pris\u00e3o, acontece um terr\u00edvel inc\u00eandio na penitenci\u00e1ria e o rapaz \u00e9 dado como morto. Com a ajuda de um amigo, ele se submete a v\u00e1rias cirurgias pl\u00e1sticas e muda o rosto, al\u00e9m de adotar uma nova identidade, agora ele ser\u00e1 Ezel. Oitos anos depois, Ezel \u00e9 um homem frio, calculista, ambicioso e n\u00e3o ter\u00e1 piedade de quem cruzar o seu caminho, principalmente aqueles que quase destru\u00edram a sua vida, mas ao reencontrar Eysan, a antiga paix\u00e3o come\u00e7a a falar mais alto. Enquanto isso, Eysan tornou-se uma mulher infeliz, que vive atormentada pelos pecados do passado. A partir da\u00ed um jogo de intrigas, vingan\u00e7a e sedu\u00e7\u00e3o toma conta da hist\u00f3ria.<\/p>\n","protected":false},"excerpt":{"rendered":"<p>Novela \u201cEzel\u201d resumo 27\/02: no capitulo 097 (*) da novela \u201cEzel\u201d, segunda-feira, 27 de fevereiro, Ezel vai ao encontro de Bahar, e pede mais uma vez para que ela n\u00e3o desista de sua vida. Ela diz estar bem, mas sem ele e pede para que ele n\u00e3o volte mais. Ali vai a um hospital e [&hellip;]<\/p>\n","protected":false},"author":2,"featured_media":98061,"comment_status":"open","ping_status":"closed","sticky":false,"template":"","format":"standard","meta":{"tdm_status":"","tdm_grid_status":"","footnotes":""},"categories":[390,379,343],"tags":[441],"class_list":{"0":"post-107723","1":"post","2":"type-post","3":"status-publish","4":"format-standard","5":"has-post-thumbnail","7":"category-band","8":"category-novelas","9":"category-televisao","10":"tag-resumo-do-dia"},"_links":{"self":[{"href":"https:\/\/migracao.redenoticia.com.br\/noticia\/wp-json\/wp\/v2\/posts\/107723","targetHints":{"allow":["GET"]}}],"collection":[{"href":"https:\/\/migracao.redenoticia.com.br\/noticia\/wp-json\/wp\/v2\/posts"}],"about":[{"href":"https:\/\/migracao.redenoticia.com.br\/noticia\/wp-json\/wp\/v2\/types\/post"}],"author":[{"embeddable":true,"href":"https:\/\/migracao.redenoticia.com.br\/noticia\/wp-json\/wp\/v2\/users\/2"}],"replies":[{"embeddable":true,"href":"https:\/\/migracao.redenoticia.com.br\/noticia\/wp-json\/wp\/v2\/comments?post=107723"}],"version-history":[{"count":0,"href":"https:\/\/migracao.redenoticia.com.br\/noticia\/wp-json\/wp\/v2\/posts\/107723\/revisions"}],"wp:featuredmedia":[{"embeddable":true,"href":"https:\/\/migracao.redenoticia.com.br\/noticia\/wp-json\/wp\/v2\/media\/98061"}],"wp:attachment":[{"href":"https:\/\/migracao.redenoticia.com.br\/noticia\/wp-json\/wp\/v2\/media?parent=107723"}],"wp:term":[{"taxonomy":"category","embeddable":true,"href":"https:\/\/migracao.redenoticia.com.br\/noticia\/wp-json\/wp\/v2\/categories?post=107723"},{"taxonomy":"post_tag","embeddable":true,"href":"https:\/\/migracao.redenoticia.com.br\/noticia\/wp-json\/wp\/v2\/tags?post=107723"}],"curies":[{"name":"wp","href":"https:\/\/api.w.org\/{rel}","templated":true}]}}