{"id":107757,"date":"2017-02-28T22:59:31","date_gmt":"2017-03-01T01:59:31","guid":{"rendered":"http:\/\/www.redenoticia.com.br\/noticia\/?p=107757"},"modified":"2018-08-13T10:39:41","modified_gmt":"2018-08-13T13:39:41","slug":"bbb-17-votacao-em-elis-daniel-e-ilmar-movimenta-a-enquete","status":"publish","type":"post","link":"https:\/\/migracao.redenoticia.com.br\/noticia\/2017\/bbb-17-votacao-em-elis-daniel-e-ilmar-movimenta-a-enquete\/107757","title":{"rendered":"\u201cBBB\u201d 17: vota\u00e7\u00e3o em Elis, Daniel e Ilmar movimentou a enquete"},"content":{"rendered":"<p><a href=\"https:\/\/migracao.redenoticia.com.br\/noticia\/imagens\/bbb_enquete_votacao.jpg\"><img loading=\"lazy\" decoding=\"async\" class=\"alignleft size-medium wp-image-64479\" src=\"https:\/\/migracao.redenoticia.com.br\/noticia\/imagens\/bbb_enquete_votacao-187x187.jpg\" alt=\"bbb_enquete_votacao\" width=\"187\" height=\"187\" srcset=\"https:\/\/migracao.redenoticia.com.br\/noticia\/imagens\/bbb_enquete_votacao-187x187.jpg 187w, https:\/\/migracao.redenoticia.com.br\/noticia\/imagens\/bbb_enquete_votacao.jpg 300w, https:\/\/migracao.redenoticia.com.br\/noticia\/imagens\/bbb_enquete_votacao-150x150.jpg 150w, https:\/\/migracao.redenoticia.com.br\/noticia\/imagens\/bbb_enquete_votacao-110x110.jpg 110w, https:\/\/migracao.redenoticia.com.br\/noticia\/imagens\/bbb_enquete_votacao-50x50.jpg 50w\" sizes=\"auto, (max-width: 187px) 100vw, 187px\" \/><\/a><em><strong>\u201cBBB&#8221; 17 vota\u00e7\u00e3o enquete:<\/strong><\/em> em 28\/02, Elis recebeu 80,32% dos votos v\u00e1lidos e foi eliminada do programa. O pared\u00e3o come\u00e7ou em 26\/02, quando o apresentador Tiago Leifert liberou R\u00f4mulo e Ilmar do Castigo do Monstro. Ele confirmou para o p\u00fablico que o anjo est\u00e1 autoimune, mas quem ele indicar vai ter que definir um brother para disputar mais um pared\u00e3o triplo. Logo depois, Marcos usou o poder do Anjo para tentar imunizar R\u00f4mulo. Os L\u00edderes Daniel e Emilly indicaram Elis para o pared\u00e3o. R\u00f4mulo, com o poder dado pelo anjo, indicou o Daniel. Vota\u00e7\u00e3o da casa: Elis, Ieda, Roberta, R\u00f4mulo, Vivian e Pedro votaram em Ilmar. Marcos votou na Marinalva, que votou no R\u00f4mulo. Ilmar votou na Roberta. Logo depois, Leifert deu largada na vota\u00e7\u00e3o do terceiro pared\u00e3o triplo desta edi\u00e7\u00e3o. A vota\u00e7\u00e3o aconteceu at\u00e9 o programa ao vivo da ter\u00e7a-feira, 28\/02.  <\/p>\n<p><script type=\"text\/javascript\" charset=\"utf-8\" src=\"http:\/\/static.polldaddy.com\/p\/9675052.js\"><\/script><br \/>\n<noscript><a href=\"http:\/\/polldaddy.com\/poll\/9675052\/\">Quem deve sair do \u201cBBB\u201d 17?<\/a><\/noscript><\/p>\n<p>Largada da vota\u00e7\u00e3o: 26\/02 20h55<br \/>\nElis 74,45% (1.329 votos); Daniel 17,76% (317 votos); Ilmar 7,79% (139 votos). Total 1.785 votos.<br \/>\nResultado parcial: 27\/02 01h23<br \/>\nElis 81,3% (25.538 votos); Daniel 12,35% (3.878 votos); Ilmar 6,35% (1.996 votos). Total 31,412 votos.<br \/>\nResultado parcial: 27\/02 17h28<br \/>\nElis 84,79% (62.603 votos); Daniel 9,3% (6.869 votos); Ilmar 5,9% (4.359 votos). Total 73.831 votos.<br \/>\nResultado parcial: 28\/02 02h06<br \/>\nElis 85,99% (87.896 votos); Daniel 8,51% (8.697 votos); Ilmar 5,5% (5.620 votos). Total 102.213 votos.<br \/>\nResultado parcial: 28\/02 18h21<br \/>\nElis 85,86% (115.052 votos); Daniel 8,29% (11.106 votos); Ilmar 5,85% (7.845 votos). Total 134.003 votos.<br \/>\nResultado parcial: 28\/02 22h47<br \/>\nElis 86,07% (138.501 votos); Daniel 7,78% (12.513 votos); Ilmar 6,15% (9.900 votos). Total 160.914 votos.<\/p>\n<p>A vota\u00e7\u00e3o oficial aconteceu no endere\u00e7o da Rede Globo<a href=\"http:\/\/gshow.globo.com\/realities\/bbb\/\"> \u201cBBB&#8221; 17.<\/a><\/p>\n<p>Fonte \u201cBBB&#8221; 17 \u2013 Vota\u00e7\u00e3o Enquete<\/p>\n<p>Not\u00edcias relacionadas:<br \/>\n<a href=\"https:\/\/migracao.redenoticia.com.br\/noticia\/2017\/diario-bbb17\/105212\">Di\u00e1rio \u201cBBB\u201d17<\/a><br \/>\n<a href=\"https:\/\/migracao.redenoticia.com.br\/noticia\/2017\/bbb-17-prova-do-anjo-e-castigo-do-monstro\/104953\">\u201cBBB\u201d17: \u201cBBB\u201d17: prova do anjo e castigo do monstro<\/a><br \/>\n<a href=\"https:\/\/migracao.redenoticia.com.br\/noticia\/2017\/bbb-17-prova-da-comida\/104955\">\u201cBBB\u201d17: prova da comida<\/a><br \/>\n&#8212;<br \/>\nConcorrentes que entraram na casa em 23 e 24\/01: os g\u00eameos Antonio e Manoel e Emilly e Mayla. Vivian Amorim, R\u00f4mulo Neves, Roberta Diniz, Pedro Falc\u00e3o, Mayara Rodrigues, Marinalva Almeida, Marcos Harter, Luiz Felipe, Ilmar Fonseca, Ieda, Gabriela Flor, Elis Nair e Daniel Fontes.<\/p>\n","protected":false},"excerpt":{"rendered":"<p>\u201cBBB&#8221; 17 vota\u00e7\u00e3o enquete: em 28\/02, Elis recebeu 80,32% dos votos v\u00e1lidos e foi eliminada do programa. O pared\u00e3o come\u00e7ou em 26\/02, quando o apresentador Tiago Leifert liberou R\u00f4mulo e Ilmar do Castigo do Monstro. Ele confirmou para o p\u00fablico que o anjo est\u00e1 autoimune, mas quem ele indicar vai ter que definir um brother [&hellip;]<\/p>\n","protected":false},"author":2,"featured_media":64479,"comment_status":"open","ping_status":"closed","sticky":false,"template":"","format":"standard","meta":{"tdm_status":"","tdm_grid_status":"","footnotes":""},"categories":[520,375,343],"tags":[],"class_list":{"0":"post-107757","1":"post","2":"type-post","3":"status-publish","4":"format-standard","5":"has-post-thumbnail","7":"category-big-brother-brasil","8":"category-rede-globo","9":"category-televisao"},"_links":{"self":[{"href":"https:\/\/migracao.redenoticia.com.br\/noticia\/wp-json\/wp\/v2\/posts\/107757","targetHints":{"allow":["GET"]}}],"collection":[{"href":"https:\/\/migracao.redenoticia.com.br\/noticia\/wp-json\/wp\/v2\/posts"}],"about":[{"href":"https:\/\/migracao.redenoticia.com.br\/noticia\/wp-json\/wp\/v2\/types\/post"}],"author":[{"embeddable":true,"href":"https:\/\/migracao.redenoticia.com.br\/noticia\/wp-json\/wp\/v2\/users\/2"}],"replies":[{"embeddable":true,"href":"https:\/\/migracao.redenoticia.com.br\/noticia\/wp-json\/wp\/v2\/comments?post=107757"}],"version-history":[{"count":0,"href":"https:\/\/migracao.redenoticia.com.br\/noticia\/wp-json\/wp\/v2\/posts\/107757\/revisions"}],"wp:featuredmedia":[{"embeddable":true,"href":"https:\/\/migracao.redenoticia.com.br\/noticia\/wp-json\/wp\/v2\/media\/64479"}],"wp:attachment":[{"href":"https:\/\/migracao.redenoticia.com.br\/noticia\/wp-json\/wp\/v2\/media?parent=107757"}],"wp:term":[{"taxonomy":"category","embeddable":true,"href":"https:\/\/migracao.redenoticia.com.br\/noticia\/wp-json\/wp\/v2\/categories?post=107757"},{"taxonomy":"post_tag","embeddable":true,"href":"https:\/\/migracao.redenoticia.com.br\/noticia\/wp-json\/wp\/v2\/tags?post=107757"}],"curies":[{"name":"wp","href":"https:\/\/api.w.org\/{rel}","templated":true}]}}