{"id":1078,"date":"2009-05-01T11:05:12","date_gmt":"2009-05-01T15:05:12","guid":{"rendered":"http:\/\/www.redenoticia.com.br\/noticia\/?p=1078"},"modified":"2009-05-01T11:05:12","modified_gmt":"2009-05-01T15:05:12","slug":"stf-derruba-lei-de-imprensa","status":"publish","type":"post","link":"https:\/\/migracao.redenoticia.com.br\/noticia\/2009\/stf-derruba-lei-de-imprensa\/1078","title":{"rendered":"STF derruba Lei de Imprensa"},"content":{"rendered":"<p class=\"MsoNormal\"><span style=\"font-family: Arial;\">O Supremo Tribunal Federal (SFT) revogou a Lei 5.250, de 1967, conhecida como Lei de Imprensa, editada durante a ditadura militar. Sete dos 11 ministros defenderam a derrubada completa da lei. Tr\u00eas votaram pela revoga\u00e7\u00e3o parcial, com a manuten\u00e7\u00e3o de alguns artigos.<\/p>\n<p>Apenas o ministro Marco Aurelio votou pela manuten\u00e7\u00e3o do dispositivo. No entendimento da maioria dos ministros do Tribunal, a Lei de Imprensa \u00e9 incompat\u00edvel com princ\u00edpios fundamentais definidos pela Constitui\u00e7\u00e3o Federal de 1988.<\/p>\n<p>\u201cH\u00e1 uma repulsa constitucional a qualquer tipo de repress\u00e3o das liberdades de express\u00e3o. O regime [constitucional] privilegia o quadro em que se desenvolvem as liberdades do pensamento. E a liberdade de express\u00e3o representa uma proje\u00e7\u00e3o significativa do direito de manifestar sem qualquer interven\u00e7\u00e3o estatal os seus pensamentos, as suas id\u00e9ias\u201d, argumentou o ministro Celso de Mello ao votar pela derrubada da lei.<\/p>\n<p>Com a revoga\u00e7\u00e3o da lei, na pr\u00e1tica considerada inconstitucional pelo STF, ju\u00edzes de todo o pa\u00eds n\u00e3o poder\u00e3o tomar decis\u00f5es baseadas no texto de 1967. O julgamento de jornalistas dever\u00e1 ser feito com base nos C\u00f3digos Penal e Civil. Fica extinta, por exemplo, a previs\u00e3o legal de pris\u00e3o especial para jornalistas.<\/p>\n<p>Os ministros Carlos Ayres Britto, Eros Grau, Carlos Alberto Menezes Direito, C\u00e1rmem L\u00facia, Ricardo Lewandovski, Cesar Peluzo tamb\u00e9m votaram pela revoga\u00e7\u00e3o total da lei. Joaquim Barbosa e Ellen Gracie defenderam a revoga\u00e7\u00e3o parcial, com manuten\u00e7\u00e3o da validade de artigos que tratam de cal\u00fania, inj\u00faria e difama\u00e7\u00e3o, controle sobre propaganda de guerra, \u00a0perturba\u00e7\u00e3o da ordem social e atentados \u00e0 moral e aos bons costumes.<\/p>\n<p>O presidente do STF, ministro Gilmar Mendes, fez ressalvas \u00e0 extin\u00e7\u00e3o do direito de resposta, previsto e detalhado pela lei de 1967 e votou pela manuten\u00e7\u00e3o dos trechos da legisla\u00e7\u00e3o que tratam desse mecanismo. Ele argumentou que a rela\u00e7\u00e3o entre imprensa e cidad\u00e3o \u00e9 desequilibrada e que, sem o direito de resposta, os indiv\u00edduos estariam mais desprotegidos em rela\u00e7\u00e3o aos poss\u00edveis abusos da m\u00eddia.<\/p>\n<p>\u201cA desigualdade entre a m\u00eddia e o indiv\u00edduo \u00e9 patente, a desigualdade de armas. O direito de resposta \u00e9 constitu\u00eddo como garantia fundamental, numa tentativa de estabelecer um m\u00ednimo de igualdade de armas (entre cidad\u00e3o e imprensa)\u201d, disse.<\/p>\n<p>Mendes relembrou o caso da Escola Base, em 1994, quando a imprensa divulgou not\u00edcias que acusavam diretores de uma escola paulistana de abuso sexual contra crian\u00e7as. Posteriormente, a Justi\u00e7a n\u00e3o comprovou qualquer envolvimento dos ent\u00e3o acusados pelos jornais.<\/p>\n<p>Tamb\u00e9m deixam de valer, a partir de agora, mecanismos previstos pela Lei de Imprensa que s\u00f3 se justificavam durante a ditadura militar, como a apreens\u00e3o de jornais que veicularem informa\u00e7\u00f5es que atentem contra a \u201cordem social, a moral e os bons costumes\u201d, e outros como a censura a espet\u00e1culos e divers\u00f5es p\u00fablicas e proibi\u00e7\u00e3o de divulga\u00e7\u00e3o de fatos considerados \u201csegredos de Estado\u201d.<\/p>\n<p>Em rela\u00e7\u00e3o ao direito de resposta, previsto e detalhado na Lei de Imprensa, a decis\u00e3o de agora em diante depender\u00e1 da avalia\u00e7\u00e3o dos ju\u00edzes em cada caso, com base na Constitui\u00e7\u00e3o Federal. <\/span><\/p>\n<p class=\"MsoNormal\" style=\"margin-bottom: 12pt;\"><span style=\"font-family: Arial;\">Luana Louren\u00e7o<br \/>\n<em>Rep\u00f3rter da Ag\u00eancia Brasil<\/em> <\/span><\/p>\n","protected":false},"excerpt":{"rendered":"<p>O Supremo Tribunal Federal (SFT) revogou a Lei 5.250, de 1967, conhecida como Lei de Imprensa, editada durante a ditadura militar. Sete dos 11 ministros defenderam a derrubada completa da lei. Tr\u00eas votaram pela revoga\u00e7\u00e3o parcial, com a manuten\u00e7\u00e3o de alguns artigos. Apenas o ministro Marco Aurelio votou pela manuten\u00e7\u00e3o do dispositivo. No entendimento da [&hellip;]<\/p>\n","protected":false},"author":3,"featured_media":0,"comment_status":"open","ping_status":"open","sticky":false,"template":"","format":"standard","meta":{"tdm_status":"","tdm_grid_status":"","footnotes":""},"categories":[22],"tags":[],"class_list":{"0":"post-1078","1":"post","2":"type-post","3":"status-publish","4":"format-standard","6":"category-brasil"},"_links":{"self":[{"href":"https:\/\/migracao.redenoticia.com.br\/noticia\/wp-json\/wp\/v2\/posts\/1078","targetHints":{"allow":["GET"]}}],"collection":[{"href":"https:\/\/migracao.redenoticia.com.br\/noticia\/wp-json\/wp\/v2\/posts"}],"about":[{"href":"https:\/\/migracao.redenoticia.com.br\/noticia\/wp-json\/wp\/v2\/types\/post"}],"author":[{"embeddable":true,"href":"https:\/\/migracao.redenoticia.com.br\/noticia\/wp-json\/wp\/v2\/users\/3"}],"replies":[{"embeddable":true,"href":"https:\/\/migracao.redenoticia.com.br\/noticia\/wp-json\/wp\/v2\/comments?post=1078"}],"version-history":[{"count":0,"href":"https:\/\/migracao.redenoticia.com.br\/noticia\/wp-json\/wp\/v2\/posts\/1078\/revisions"}],"wp:attachment":[{"href":"https:\/\/migracao.redenoticia.com.br\/noticia\/wp-json\/wp\/v2\/media?parent=1078"}],"wp:term":[{"taxonomy":"category","embeddable":true,"href":"https:\/\/migracao.redenoticia.com.br\/noticia\/wp-json\/wp\/v2\/categories?post=1078"},{"taxonomy":"post_tag","embeddable":true,"href":"https:\/\/migracao.redenoticia.com.br\/noticia\/wp-json\/wp\/v2\/tags?post=1078"}],"curies":[{"name":"wp","href":"https:\/\/api.w.org\/{rel}","templated":true}]}}